
{"id":843,"date":"2017-09-27T09:51:21","date_gmt":"2017-09-27T09:51:21","guid":{"rendered":"http:\/\/cimti.cat\/ca\/?p=843"},"modified":"2023-05-29T12:14:44","modified_gmt":"2023-05-29T12:14:44","slug":"cataluna-inaugura-su-centro-para-integracion-medicina-y-las-tecnologias-innovadoras","status":"publish","type":"post","link":"https:\/\/cimti.cat\/es\/cataluna-inaugura-su-centro-para-la-integracion-de-la-medicina-y-las-tecnologias-innovadoras\/","title":{"rendered":"Catalu\u00f1a inaugura su Centro para la Integraci\u00f3n de la Medicina y las Tecnolog\u00edas Innovadoras"},"content":{"rendered":"<p>El consejero de Sanidad de Catalu\u00f1a, Antoni Com\u00edn, ha presidido el acto de presentaci\u00f3n del Centro para la Integraci\u00f3n de la Medicina y las Tecnolog\u00edas Innovadoras en Catalu\u00f1a (CIMTI), que \u201cnace con el objetivo de mejorar el posicionamiento de Catalu\u00f1a en t\u00e9rminos de innovaci\u00f3n en salud\u201d.<\/p>\n<p>Durante el acto, el consejero destac\u00f3 que proyectos como el CIMTI \u201cenriquecen el ecosistema de la innovaci\u00f3n que se hace en salud en Catalu\u00f1a y contribuyen a su posicionamiento en todo el mundo\u201d. En este sentido, manifest\u00f3 que este concepto de innnovaci\u00f3n \u201cva unido al de internacionalizaci\u00f3n\u201d. \u201cHay que poner la innovaci\u00f3n al nivel de nuestra investigaci\u00f3n\u201d, destac\u00f3 Antoni Com\u00edn, para quien \u00e9sta \u201cdebe ser un motor de transformaci\u00f3n del modelo econ\u00f3mico y social\u201d de la regi\u00f3n.<\/p>\n<p>El nuevo organismo, seg\u00fan explic\u00f3, persigue la generaci\u00f3n de \u201cnuevas soluciones de alto impacto social\u201d en el \u00e1mbito de los dispositivos m\u00e9dico-tecnol\u00f3gicos a partir de \u201ciniciativas disruptivas de alcance internacional\u201d. Para ello, \u201caglutina el conocimiento de cl\u00ednicos y tecn\u00f3logos\u201d, con el objetivo de ayudar a los organismos de investigaci\u00f3n del Sistema de Salud Catal\u00e1n a impulsar el desarrollo, comercializaci\u00f3n y adopci\u00f3n de nuevas tecnolog\u00edas y dispositivos m\u00e9dicos para el tratamiento de los principales problemas sanitarios.<\/p>\n<p>Asimismo, cada a\u00f1o, un comit\u00e9 de especialistas \u201cinternacional, externo e independiente\u201d, seleccionar\u00e1 entre 10 y 20 proyectos que se desarrollar\u00e1n en el centro y recibir\u00e1n apoyo t\u00e9cnico especializado para \u201cmaximizar el impacto en el sistema sanitario\u201d. Finalmente, el CIMTI pretende asimismo \u201cfacilitar la internacionalizaci\u00f3n del producto\u201d, con el fin de posicionar a Catalu\u00f1a como \u201cexponente en innovaci\u00f3n\u201d a nivel mundial.<\/p>\n<blockquote class=\"wp-embedded-content\" data-secret=\"2VeUYmKgui\"><p><a href=\"http:\/\/www.actasanitaria.com\/cataluna-inaugura-centro-la-integracion-la-medicina-las-tecnologias-innovadoras\/\">Catalu\u00f1a inaugura su Centro para la Integraci\u00f3n de la Medicina y las Tecnolog\u00edas Innovadoras<\/a><\/p><\/blockquote>\n<p><iframe class=\"wp-embedded-content\" sandbox=\"allow-scripts\" security=\"restricted\" style=\"position: absolute; clip: rect(1px, 1px, 1px, 1px);\" src=\"http:\/\/www.actasanitaria.com\/cataluna-inaugura-centro-la-integracion-la-medicina-las-tecnologias-innovadoras\/embed\/#?secret=2VeUYmKgui\" data-secret=\"2VeUYmKgui\" width=\"600\" height=\"338\" title=\"&#8220;Catalu\u00f1a inaugura su Centro para la Integraci\u00f3n de la Medicina y las Tecnolog\u00edas Innovadoras&#8221; &#8212; Acta Sanitaria\" frameborder=\"0\" marginwidth=\"0\" marginheight=\"0\" scrolling=\"no\"><\/iframe><\/p>\n","protected":false},"excerpt":{"rendered":"<p>El consejero de Sanidad de Catalu\u00f1a, Antoni Com\u00edn, ha presidido el acto de presentaci\u00f3n del Centro para la Integraci\u00f3n de la Medicina y las Tecnolog\u00edas Innovadoras en Catalu\u00f1a (CIMTI), que \u201cnace con el objetivo de mejorar el posicionamiento de Catalu\u00f1a en t\u00e9rminos de innovaci\u00f3n en salud\u201d. Durante el acto, el consejero destac\u00f3 que proyectos como [&hellip;]<\/p>\n","protected":false},"author":4,"featured_media":0,"comment_status":"closed","ping_status":"closed","sticky":false,"template":"","format":"standard","meta":[],"categories":[5],"tags":[],"acf":[],"_links":{"self":[{"href":"https:\/\/cimti.cat\/es\/wp-json\/wp\/v2\/posts\/843"}],"collection":[{"href":"https:\/\/cimti.cat\/es\/wp-json\/wp\/v2\/posts"}],"about":[{"href":"https:\/\/cimti.cat\/es\/wp-json\/wp\/v2\/types\/post"}],"author":[{"embeddable":true,"href":"https:\/\/cimti.cat\/es\/wp-json\/wp\/v2\/users\/4"}],"replies":[{"embeddable":true,"href":"https:\/\/cimti.cat\/es\/wp-json\/wp\/v2\/comments?post=843"}],"version-history":[{"count":1,"href":"https:\/\/cimti.cat\/es\/wp-json\/wp\/v2\/posts\/843\/revisions"}],"predecessor-version":[{"id":5823,"href":"https:\/\/cimti.cat\/es\/wp-json\/wp\/v2\/posts\/843\/revisions\/5823"}],"wp:attachment":[{"href":"https:\/\/cimti.cat\/es\/wp-json\/wp\/v2\/media?parent=843"}],"wp:term":[{"taxonomy":"category","embeddable":true,"href":"https:\/\/cimti.cat\/es\/wp-json\/wp\/v2\/categories?post=843"},{"taxonomy":"post_tag","embeddable":true,"href":"https:\/\/cimti.cat\/es\/wp-json\/wp\/v2\/tags?post=843"}],"curies":[{"name":"wp","href":"https:\/\/api.w.org\/{rel}","templated":true}]}}