
{"id":760,"date":"2017-09-27T15:33:38","date_gmt":"2017-09-27T15:33:38","guid":{"rendered":"http:\/\/cimti.cat\/ca\/?p=760"},"modified":"2023-05-29T12:14:37","modified_gmt":"2023-05-29T12:14:37","slug":"neix-catalunya-centre-per-transformar-la-innovaciomedica-benestar-per-les-persones","status":"publish","type":"post","link":"https:\/\/cimti.cat\/es\/neix-a-catalunya-el-centre-per-transformar-la-innovaciomedica-en-benestar-per-a-les-persones\/","title":{"rendered":"Neix a Catalunya el Centre per transformar la innovaci\u00f3 m\u00e8dica en benestar per a les persones"},"content":{"rendered":"<ul>\n<li>El CIMTI vol posar en valor tota la recerca del sistema sanitari i social del nostre pa\u00eds i transformar-lo en productes que millorin el benestar per a les persones<\/li>\n<li>El CIMTI, centre per la integraci\u00f3 de la medicina i les tecnologies innovadores, est\u00e0 impulsat per Leitat i mant\u00e9 una alian\u00e7a estrat\u00e8gica amb el CIMIT, Consorci d\u2019innovaci\u00f3 m\u00e8dic-tecnol\u00f2gica de Boston<\/li>\n<li>Cada any un comit\u00e8 d\u2019experts seleccionar\u00e0 entre 10i 20 projectes que rebran suport t\u00e8cnic especialitzat per portar-lo a impactar al sistema sanitari<\/li>\n<\/ul>\n<p>&nbsp;<\/p>\n<p>Ben aviat Catalunya disposar\u00e0 d\u2019una nova plataforma que permetr\u00e0 potenciar la innovaci\u00f3 en l\u2019\u00e0mbit de la salut. Es tracta del Centre per a la Integraci\u00f3 de la Medicina i les Tecnologies Innovadores a Catalunya, CIMTI que persegueix la generaci\u00f3 de noves solucions d\u2019alt impacte social en l\u2019\u00e0mbit dels dispositius medico-tecnol\u00f2gics. Aquesta iniciativa ha estat presentada aquest mat\u00ed, sota la presid\u00e8ncia del conseller Antoni Comin, davant d\u2019un centenar de professionals de la sanitat. El conseller ha qualificat la iniciativa d\u2019 \u201cestructura d\u2019estat\u201d i ha destacat que ser\u00e0 una eina \u201cper posar la innovaci\u00f3 al nivell de la recerca\u201d.<\/p>\n<p>El CIMTI vol posar en valor tota la recerca del sistema sanitari i social del nostre pa\u00eds i transformar-lo en productes que millorin el benestar per a les persones. D\u2019aquesta manera el Centre aglutinar\u00e0 el coneixement de cl\u00ednics i tecn\u00f2legs i el transformar\u00e0 en dispositius m\u00e8dics de comercialitzaci\u00f3 assequible i de f\u00e0cil acc\u00e9s pels ciutadans. En definitiva, aconseguir que l\u2019excel\u00b7l\u00e8ncia en la recerca es reflecteixi en excel\u00b7l\u00e8ncia en innovaci\u00f3.<\/p>\n<p>Pel conseller, el CIMTI ajudar\u00e0 tamb\u00e9 a la internacionalitzaci\u00f3 de Catalunya. \u201cinnovaci\u00f3 va estretament unit a internacionalitzaci\u00f3\u201d ha dit Comin mentre animava als assistents a \u201ctenir confian\u00e7a en que el salt que hem fet en recerca, el farem en innovaci\u00f3. Tenim capacitat i potencial amb aquest nou instrument.<\/p>\n<p>&nbsp;<\/p>\n<p><img decoding=\"async\" loading=\"lazy\" class=\"alignnone wp-image-761 size-full\" src=\"http:\/\/cimti.cat\/wp-content\/uploads\/2017\/10\/IMG_4188-3.jpg\" alt=\"\" width=\"1500\" height=\"1000\" \/><\/p>\n<p>Partint de la base que la recerca m\u00e8dica a casa nostra sovint \u00e9s un potencial poc aprofitat, el centre que avui s\u2019ha presentat canalitzar\u00e0 projectes innovadors que permetin traslladar aquesta recerca al dia a dia de les necessitats sanit\u00e0ries dels ciutadans.\u00c9s per aix\u00f2 que el CIMTI desplegar\u00e0 estrat\u00e8gies per atreure inversions, donar\u00e0 suport tecnol\u00f2gic i maximitzar\u00e0 l\u2019impacte social de les\u00a0 innovacions que en ell si desenvolupin.<\/p>\n<p>En aquest sentit Manel Balcells, comissionat de salut de Leitat, ha volgut deixar clar que \u201cno anem a fer el mateix que han fet en altres llocs. No finan\u00e7arem projecte, no generarem patents, no farem R+D, impulsarem projectes de gran impacte. Transformarem la innovaci\u00f3 en benestar\u201d ha sentenciat.<\/p>\n<p>Cada any, un comit\u00e8 d\u2019experts internacional, extern i independent, seleccionar\u00e0 entre 10 i 20 projectes que es desenvoluparan en el centre. Aquests projectes rebran suport t\u00e8cnic especialitzat per portar-lo a maximitzar l\u2019impacte al sistema sanitari. Balcells ha augurat una llarga traject\u00f2ria perqu\u00e8 CIMTI neix \u201camb voluntat de quedar-se\u201d<\/p>\n<p>Un altre del reptes que es planteja \u00e9s el de facilitar la internacionalitzaci\u00f3 del producte. Les solucions que es dissenyin a Catalunya poden i s\u2019han d\u2019oferir al m\u00f3n. Aix\u00ed doncs aquesta aposta pionera permetr\u00e0 tamb\u00e9 posicionar Catalunya al m\u00f3n com a exponents\u00a0 en innovaci\u00f3. \u201cLes solucions que trobem a Catalunya hsn de tenir projecci\u00f3 al m\u00f3n\u201d ha reblat Manel Balcells.<\/p>\n<p>&nbsp;<\/p>\n<p><img decoding=\"async\" loading=\"lazy\" class=\"alignnone wp-image-752 size-full\" src=\"http:\/\/cimti.cat\/wp-content\/uploads\/2017\/10\/20170927_Foto_grup-1.jpg\" alt=\"\" width=\"1500\" height=\"880\" \/><\/p>\n<p>El CIMTI ha estatimpulsat per LEITAT amb el suport del Departament de Salut de la Generalitat de Catalunya i l&#8217;Ag\u00e8ncia de Qualitat i Avaluaci\u00f3Sanit\u00e0ries de Catalunya (AQuAS). El centre gaudeixd\u2019unaalian\u00e7aestrat\u00e8gicaamb el CIMIT de Boston (Consorcid\u2019innovaci\u00f3m\u00e8dic-tecnol\u00f2gica), un cas d\u2019\u00e8xit que ha aconseguitfer arribar les iniciatives innovadores alspacientsmitjan\u00e7ant la col\u00b7laboraci\u00f3 entre experts.<\/p>\n<p>El centre per a la integraci\u00f3 de la medicina i les tecnologies innovadores neixamb un finan\u00e7ament basal d\u20191.750.000 d\u2019euros que aportar\u00e0 el Departament de Salut de la Generalitat de Catalunya en un plurianual de tres anys que ajudar\u00e0 a mobilitzar la mateixaquantitat en aportacionsprivades per tal de garantir la sostenibilitat de la iniciativa. El projectes que s\u2019hidesenvolupinestaranfinan\u00e7ats de formes diversessegons la naturalesa del projecte.<\/p>\n<p>&nbsp;<\/p>\n","protected":false},"excerpt":{"rendered":"<p>El CIMTI vol posar en valor tota la recerca del sistema sanitari i social del nostre pa\u00eds i transformar-lo en productes que millorin el benestar per a les persones El CIMTI, centre per la integraci\u00f3 de la medicina i les tecnologies innovadores, est\u00e0 impulsat per Leitat i mant\u00e9 una alian\u00e7a estrat\u00e8gica amb el CIMIT, Consorci [&hellip;]<\/p>\n","protected":false},"author":8,"featured_media":0,"comment_status":"closed","ping_status":"closed","sticky":false,"template":"","format":"standard","meta":[],"categories":[4],"tags":[],"acf":[],"_links":{"self":[{"href":"https:\/\/cimti.cat\/es\/wp-json\/wp\/v2\/posts\/760"}],"collection":[{"href":"https:\/\/cimti.cat\/es\/wp-json\/wp\/v2\/posts"}],"about":[{"href":"https:\/\/cimti.cat\/es\/wp-json\/wp\/v2\/types\/post"}],"author":[{"embeddable":true,"href":"https:\/\/cimti.cat\/es\/wp-json\/wp\/v2\/users\/8"}],"replies":[{"embeddable":true,"href":"https:\/\/cimti.cat\/es\/wp-json\/wp\/v2\/comments?post=760"}],"version-history":[{"count":1,"href":"https:\/\/cimti.cat\/es\/wp-json\/wp\/v2\/posts\/760\/revisions"}],"predecessor-version":[{"id":5816,"href":"https:\/\/cimti.cat\/es\/wp-json\/wp\/v2\/posts\/760\/revisions\/5816"}],"wp:attachment":[{"href":"https:\/\/cimti.cat\/es\/wp-json\/wp\/v2\/media?parent=760"}],"wp:term":[{"taxonomy":"category","embeddable":true,"href":"https:\/\/cimti.cat\/es\/wp-json\/wp\/v2\/categories?post=760"},{"taxonomy":"post_tag","embeddable":true,"href":"https:\/\/cimti.cat\/es\/wp-json\/wp\/v2\/tags?post=760"}],"curies":[{"name":"wp","href":"https:\/\/api.w.org\/{rel}","templated":true}]}}