
{"id":5559,"date":"2023-03-21T08:05:49","date_gmt":"2023-03-21T08:05:49","guid":{"rendered":"https:\/\/cimti.cat\/ca\/carta-de-benvinguda-del-cimti-newsletter-desembre-2022-copy-2\/"},"modified":"2024-01-05T10:31:17","modified_gmt":"2024-01-05T10:31:17","slug":"carta-de-benvinguda-del-cimti-newsletter-desembre-2022-copy-2","status":"publish","type":"post","link":"https:\/\/cimti.cat\/es\/carta-de-benvinguda-del-cimti-newsletter-desembre-2022-2\/","title":{"rendered":"El repte de la innovaci\u00f3 sanit\u00e0ria a Catalunya"},"content":{"rendered":"<p style=\"font-weight: 400;\">La innovaci\u00f3 sanit\u00e0ria gaudeix d\u2019una bona salut a Catalunya. El nostre territori \u00e9s considerat com a estrat\u00e8gic dins d\u2019aquest \u00e0mbit a Europa despr\u00e9s d\u2019haver aconseguit atreure una inversi\u00f3 de 445 milions d\u2019euros durant l\u2019any passat, tal com va revelar recentment l\u2019Informe Biocat 2022. Igualment, fa unes setmanes, el 4YFN, l\u2019espai del Mobile World Congress dedicat a les startups, va anunciar que ampliar\u00e0 el seu espai el 2024 per donar cabuda a m\u00e9s empreses emergents de l\u2019\u00e0mbit de la salut digital. Aquests fets s\u00f3n una clara mostra de qu\u00e8 gaudim de coneixement, excel\u00b7l\u00e8ncia cl\u00ednica i de gesti\u00f3, sinergies i partenariats empresarials, quin \u00e9s el nostre repte doncs?<\/p>\n<p style=\"font-weight: 400;\">La mat\u00e8ria primera existeix. El sector de l\u2019\u00e0mbit de la salut i social aglutina un total de 1.350 empreses i 91 entitats de recerca que generen un impacte econ\u00f2mic del 8,7% sobre el PIB, per\u00f2 l\u2019ecosistema d\u2019innovaci\u00f3 i el sistema sanitari catal\u00e0 tenen per davant el desafiament d\u2019accelerar l\u2019arribada dels projectes innovadors al mercat perqu\u00e8 impactin en la societat l\u2019abans possible.<\/p>\n<p style=\"font-weight: 400;\">Per aix\u00f2, les entitats del sector tenim clar que hem de treballar per afavorir que les idees i la feina dels nostres emprenedors no caigui en sac trencat i els seus productes puguin implantar-se en el sistema sanitari per beneficiar tant als pacients com als professionals sanitaris. Des de La Uni\u00f3, ja fa anys que apostem pel projecte +Futur. Un projecte que vol impulsar la innovaci\u00f3 col\u00b7laborativa i transformacional a les organitzacions sanit\u00e0ries i socials des del comprom\u00eds amb les prioritats de les pol\u00edtiques p\u00fabliques, i amb el prop\u00f2sit de contribuir a millorar la salut i el benestar de les persones des de l\u2019escolta activa a les seves necessitats.<\/p>\n<p style=\"font-weight: 400;\">El projecte +Futur ens ha perm\u00e8s identificar les tend\u00e8ncies del sector i quines s\u00f3n les \u00e0rees d\u2019acci\u00f3 priorit\u00e0ries, \u00e9s a dir, quines s\u00f3n les necessitats no cobertes del sistema sanitari. Un aspecte que esdev\u00e9 clau a l\u2019hora de llan\u00e7ar un producte al mercat. Com tamb\u00e9 esdev\u00e9 fonamental l\u2019acc\u00e9s al millor finan\u00e7ament i l\u2019acompliment de la regulat\u00f2ria adequada, factors que en moltes ocasions, suposen un entrebanc per tirar endavant les solucions innovadores.<\/p>\n<p style=\"font-weight: 400;\">Un cop definides les necessitats i les prioritats del sector, \u00e9s feina de tot l\u2019ecosistema d\u2019innovaci\u00f3 donar suport a les empreses emergents perqu\u00e8 gaudeixin de les eines necess\u00e0ries per desenvolupar les seves innovacions i impulsar-les amb l\u2019objectiu de qu\u00e8 impactin en la prevenci\u00f3, diagn\u00f2stic i tractament de les malalties, aix\u00ed com en l\u2019atenci\u00f3 del pacient. En aquest sentit, el CIMTI \u00e9s un agent estrat\u00e8gic per aconseguir que els projectes d\u2019innovaci\u00f3 arribin al sistema.<\/p>\n<p style=\"font-weight: 400;\">El seu Programa Impacte constitueix una plataforma s\u00f2lida i eficient pels projectes tecnol\u00f2gics innovadors que impulsa i \u00e9s, per aix\u00f2, que l\u2019expertesa dels seus professionals \u00e9s una aportaci\u00f3 de gran valor per l\u2019ecosistema. Per a nosaltres, la col\u00b7laboraci\u00f3 amb el CIMTI \u00e9s cabdal per oferir als nostres associats la possibilitat de rebre l\u2019assessorament dels seus experts i la possibilitat de gaudir dels seus serveis, en un exemple del destacat paper que pot jugar la col\u00b7laboraci\u00f3 p\u00fablicoprivada a l\u2019hora de fer avan\u00e7ar el sistema sanitari catal\u00e0.<\/p>\n<p style=\"font-weight: 400;\">En aquest sentit, les dues convocat\u00f2ries de la CRIDA d\u2019Innovaci\u00f3 que cada any obre el CIMTI, s\u00f3n una oportunitat perqu\u00e8 els emprenedors coneguin com el Cicle d\u2019Innovaci\u00f3 en Salut, la metodologia adaptada del CIMIT de Boston, els pot ajudar a fer realitat el seu projecte innovador.<\/p>\n<p style=\"font-weight: 400;\">El coneixement hi \u00e9s. Catalunya \u00e9s el cinqu\u00e8 pa\u00eds d\u2019Europa en el que es fan m\u00e9s publicacions cient\u00edfiques, el sis\u00e8 a escala continental i nov\u00e8, al m\u00f3n, en el que es realitzen major nombre d\u2019assaigs cl\u00ednics. Actualment, hi ha m\u00e9s de 1.200 actius. Tamb\u00e9 disposem de les eines, l\u2019empenta i la for\u00e7a. Nom\u00e9s ens cal posar fil a l\u2019agulla i cosir les peces.<\/p>\n","protected":false},"excerpt":{"rendered":"<p>La innovaci\u00f3 sanit\u00e0ria gaudeix d\u2019una bona salut a Catalunya. El nostre territori \u00e9s considerat com a estrat\u00e8gic dins d\u2019aquest \u00e0mbit a Europa despr\u00e9s d\u2019haver aconseguit atreure una inversi\u00f3 de 445 milions d\u2019euros durant l\u2019any passat, tal com va revelar recentment l\u2019Informe Biocat 2022. Igualment, fa unes setmanes, el 4YFN, l\u2019espai del Mobile World Congress dedicat [&hellip;]<\/p>\n","protected":false},"author":4,"featured_media":5565,"comment_status":"closed","ping_status":"closed","sticky":false,"template":"","format":"standard","meta":[],"categories":[13],"tags":[],"acf":[],"_links":{"self":[{"href":"https:\/\/cimti.cat\/es\/wp-json\/wp\/v2\/posts\/5559"}],"collection":[{"href":"https:\/\/cimti.cat\/es\/wp-json\/wp\/v2\/posts"}],"about":[{"href":"https:\/\/cimti.cat\/es\/wp-json\/wp\/v2\/types\/post"}],"author":[{"embeddable":true,"href":"https:\/\/cimti.cat\/es\/wp-json\/wp\/v2\/users\/4"}],"replies":[{"embeddable":true,"href":"https:\/\/cimti.cat\/es\/wp-json\/wp\/v2\/comments?post=5559"}],"version-history":[{"count":3,"href":"https:\/\/cimti.cat\/es\/wp-json\/wp\/v2\/posts\/5559\/revisions"}],"predecessor-version":[{"id":6468,"href":"https:\/\/cimti.cat\/es\/wp-json\/wp\/v2\/posts\/5559\/revisions\/6468"}],"wp:featuredmedia":[{"embeddable":true,"href":"https:\/\/cimti.cat\/es\/wp-json\/wp\/v2\/media\/5565"}],"wp:attachment":[{"href":"https:\/\/cimti.cat\/es\/wp-json\/wp\/v2\/media?parent=5559"}],"wp:term":[{"taxonomy":"category","embeddable":true,"href":"https:\/\/cimti.cat\/es\/wp-json\/wp\/v2\/categories?post=5559"},{"taxonomy":"post_tag","embeddable":true,"href":"https:\/\/cimti.cat\/es\/wp-json\/wp\/v2\/tags?post=5559"}],"curies":[{"name":"wp","href":"https:\/\/api.w.org\/{rel}","templated":true}]}}