
{"id":2211,"date":"2019-06-06T14:31:47","date_gmt":"2019-06-06T14:31:47","guid":{"rendered":"http:\/\/cimti.cat\/ca\/?p=2211"},"modified":"2023-05-29T12:13:24","modified_gmt":"2023-05-29T12:13:24","slug":"el-govern-busca-propuestas-para-mejorar-la-atencion-sanitaria-a-domicilio","status":"publish","type":"post","link":"https:\/\/cimti.cat\/es\/el-govern-busca-propuestas-para-mejorar-la-atencion-sanitaria-a-domicilio\/","title":{"rendered":"El Govern busca propuestas para mejorar la atenci\u00f3n sanitaria a domicilio"},"content":{"rendered":"<p><strong>EFE<\/strong>, Barcelona. 05.06.2019 (<em>La Vanguardia<\/em>)<\/p>\n<p>El Centro para la Integraci\u00f3n de la Medicina y de las Tecnolog\u00edas Innovadoras (CIMTI), junto con los departamentos de Salud y de Trabajo, Asuntos Sociales y Familias, ha lanzado una convocatoria de proyectos para hallar soluciones que mejoren la atenci\u00f3n domiciliaria integral sanitaria y social.<\/p>\n<p>Seg\u00fan ha informado este mi\u00e9rcoles en un comunicado el CIMTI, que depende del sistema catal\u00e1n de salud, este \u00abreto\u00bb ha sido presentado hoy en Barcelona con el objetivo de encontrar respuestas innovadoras que mejoren el bienestar de los ciudadanos con alguna enfermedad cr\u00f3nica.<\/p>\n<p>Para ello, entre hoy y el 11 de octubre, se podr\u00e1n inscribir en el sitio web del CIMTI propuestas e ideas innovadoras que ser\u00e1n evaluadas posteriormente por la Generalitat.<\/p>\n<p>El concurso se divide en cuatro ejes tem\u00e1ticos -coordinaci\u00f3n entre personas, adaptaci\u00f3n al hogar, movilidad y prevenci\u00f3n para la autonom\u00eda- y los proyectos ganadores se incorporar\u00e1n a las pol\u00edticas que los departamentos de Salud y Trabajo desplieguen en Catalu\u00f1a.<\/p>\n<p>Tal como ha subrayado el director del CIMTI, Manel Balcells, este reto responde a la necesidad de dar respuesta al envejecimiento progresivo de la poblaci\u00f3n y a los desaf\u00edos del sistema sanitario y social que se derivan de esta coyuntura.<\/p>\n<p>\u00abEste reto es primordial, ya que los elementos de envejecimiento y cronicidad, que no hacen sino aumentar en la sociedad catalana, hacen necesario que nos planteemos c\u00f3mo ser\u00e1 la atenci\u00f3n domiciliaria del futuro cercano\u00bb, ha se\u00f1alado, por su parte, la consellera de Salud, Alba Verg\u00e9s.<\/p>\n<p>Ya el titular de Trabajo, Chakir El Homrani, ha tildado esta medida de \u00aburgent\u00edsima\u00bb y ha abogado por \u00abunir esfuerzos\u00bb entre diferentes sectores sociales porque, ha dicho, esta situaci\u00f3n \u00abnos interpela directamente a ambos departamentos\u00bb.<\/p>\n<p>El CIMTI es un centro creado en 2017 e impulsado por la Fundaci\u00f3n LEITAT con el apoyo del departamento de Salud y la Agencia de Calidad y Evaluaci\u00f3n Sanitarias de Catalu\u00f1a (AQuAS), que hace actualmente el seguimiento de 18 proyectos de innovaci\u00f3n sanitaria y social.<\/p>\n","protected":false},"excerpt":{"rendered":"<p>EFE, Barcelona. 05.06.2019 (La Vanguardia) El Centro para la Integraci\u00f3n de la Medicina y de las Tecnolog\u00edas Innovadoras (CIMTI), junto con los departamentos de Salud y de Trabajo, Asuntos Sociales y Familias, ha lanzado una convocatoria de proyectos para hallar soluciones que mejoren la atenci\u00f3n domiciliaria integral sanitaria y social. Seg\u00fan ha informado este mi\u00e9rcoles [&hellip;]<\/p>\n","protected":false},"author":4,"featured_media":0,"comment_status":"closed","ping_status":"closed","sticky":false,"template":"","format":"standard","meta":[],"categories":[5],"tags":[],"acf":[],"_links":{"self":[{"href":"https:\/\/cimti.cat\/es\/wp-json\/wp\/v2\/posts\/2211"}],"collection":[{"href":"https:\/\/cimti.cat\/es\/wp-json\/wp\/v2\/posts"}],"about":[{"href":"https:\/\/cimti.cat\/es\/wp-json\/wp\/v2\/types\/post"}],"author":[{"embeddable":true,"href":"https:\/\/cimti.cat\/es\/wp-json\/wp\/v2\/users\/4"}],"replies":[{"embeddable":true,"href":"https:\/\/cimti.cat\/es\/wp-json\/wp\/v2\/comments?post=2211"}],"version-history":[{"count":1,"href":"https:\/\/cimti.cat\/es\/wp-json\/wp\/v2\/posts\/2211\/revisions"}],"predecessor-version":[{"id":5765,"href":"https:\/\/cimti.cat\/es\/wp-json\/wp\/v2\/posts\/2211\/revisions\/5765"}],"wp:attachment":[{"href":"https:\/\/cimti.cat\/es\/wp-json\/wp\/v2\/media?parent=2211"}],"wp:term":[{"taxonomy":"category","embeddable":true,"href":"https:\/\/cimti.cat\/es\/wp-json\/wp\/v2\/categories?post=2211"},{"taxonomy":"post_tag","embeddable":true,"href":"https:\/\/cimti.cat\/es\/wp-json\/wp\/v2\/tags?post=2211"}],"curies":[{"name":"wp","href":"https:\/\/api.w.org\/{rel}","templated":true}]}}