
{"id":3721,"date":"2020-11-30T08:33:42","date_gmt":"2020-11-30T08:33:42","guid":{"rendered":"http:\/\/cimti.cat\/ca\/?p=3721"},"modified":"2023-05-29T12:12:10","modified_gmt":"2023-05-29T12:12:10","slug":"carta-de-benvinguda-newsletter-cimti-novembre-2020","status":"publish","type":"post","link":"https:\/\/cimti.cat\/en\/carta-de-benvinguda-newsletter-cimti-novembre-2020\/","title":{"rendered":"Carta de benvinguda Newsletter CIMTI Novembre 2020"},"content":{"rendered":"<p><img decoding=\"async\" loading=\"lazy\" class=\"alignnone wp-image-3716\" src=\"http:\/\/cimti.cat\/wp-content\/uploads\/2020\/11\/Elisenda-300x300.jpg\" alt=\"\" width=\"154\" height=\"154\" srcset=\"https:\/\/cimti.cat\/wp-content\/uploads\/2020\/11\/Elisenda-300x300.jpg 300w, https:\/\/cimti.cat\/wp-content\/uploads\/2020\/11\/Elisenda-150x150.jpg 150w, https:\/\/cimti.cat\/wp-content\/uploads\/2020\/11\/Elisenda-768x768.jpg 768w, https:\/\/cimti.cat\/wp-content\/uploads\/2020\/11\/Elisenda.jpg 866w\" sizes=\"(max-width: 154px) 100vw, 154px\" \/><\/p>\n<p>Benvolgudes i benvolguts,<\/p>\n<p>Ens anem acostant al final de 2020, un any marcat per la Covid-19 i totes les conseq\u00fc\u00e8ncies sanit\u00e0ries, econ\u00f2miques i socials que se\u2019n deriven. Al CIMTI hem estat treballant amb intensitat i prop\u00f2sit per estar al costat dels projectes i seguir-los impulsant i donant tot el suport que necessiten.\u00a0<strong>Els projectes s\u00f3n la nostra ra\u00f3 de ser i si ells avancen, nosaltres tamb\u00e9.<\/strong><\/p>\n<p>Estem avaluant les propostes rebudes de la Crida Repte 2020 que vam tancar aquest passat mes d\u2019octubre i esperem poder-vos anunciar els projectes seleccionats ben aviat. Per entendre millor com elegim els\u00a0<strong>Reptes<\/strong>\u00a0anuals que presentem i com \u00e9s el nostre rigor\u00f3s proc\u00e9s d\u2019avaluaci\u00f3 i elecci\u00f3, hem publicat una\u00a0<strong>guia<\/strong>\u00a0sobre la nostra\u00a0<strong>metodologia<\/strong>\u00a0en aquest \u00e0mbit.<\/p>\n<p>Tamb\u00e9 hem incorporat un nou recurs a la cartera de serveis de finan\u00e7ament que oferim als projectes per facilitar la cerca dels\u00a0<strong>inversors<\/strong>\u00a0i\u00a0<strong>mentors<\/strong>\u00a0m\u00e9s adients per ells. El nombre de projectes creix cada any i tamb\u00e9 ho fa el nombre d\u2019aliances que establim amb\u00a0<em>stakeholders<\/em>\u00a0clau del sector.<\/p>\n<p>Aquest trimestre de tornada a l\u2019escola l\u2019hem aprofitat tamb\u00e9 per seguir oferint\u00a0<strong>formacions<\/strong>\u00a0als nostres projectes i motivar-los i donar-los les eines necess\u00e0ries perqu\u00e8 puguin seguir fent el seu cam\u00ed. Tenim projectes que ja han aconseguit dur el seu producte al mercat i altres que estan en una fase molt m\u00e9s inicial. Estem orgullosos de poder treballar amb tots i cadascun d\u2019ells perqu\u00e8 puguin arribar a implementar els seus productes i idees al sistema sanitari i social.<\/p>\n<p>Hem creat un\u00a0<strong>comit\u00e8 d\u2019impuls<\/strong>\u00a0molt operatiu per afavorir el seguiment de projectes des dels Departaments i altres organitzacions involucrades en reptes espec\u00edfics i aconseguir precisament aquestes aliances a les quals abans feia refer\u00e8ncia. Ja veieu que la feina no s\u2019ha aturat i que hem anat creixent i incorporant nous serveis.<\/p>\n<p>A m\u00e9s a m\u00e9s, celebrem la incorporaci\u00f3 del\u00a0<strong>Departament de Treball, Afers Socials i Fam\u00edlies<\/strong>\u00a0com a col\u00b7laborador del centre. Des del CIMTI treballem molt fortament amb els departaments de Salut i de Treball, Afers Socials i Fam\u00edlies per alinear els nostres projectes amb les necessitats del sistema.<\/p>\n<p>Espero que aquest butllet\u00ed sigui un reflex del nostre esperit treballador i facilitador. Recordeu que\u00a0<strong>#SomCIMTI<\/strong>\u00a0perqu\u00e8 hi sou totes i tots vosaltres. Seguim treballant plegats i continuem avan\u00e7ant. Els projectes CIMTI i les persones que els impulsen s\u00f3n el m\u00e9s valu\u00f3s que tenim.<\/p>\n<p><em>Elisenda Casanelles<\/em><\/p>\n<p><em>Chief Operations Officer, CIMTI<\/em><\/p>\n<p>&nbsp;<\/p>\n<p>&nbsp;<\/p>\n","protected":false},"excerpt":{"rendered":"<p>Benvolgudes i benvolguts, Ens anem acostant al final de 2020, un any marcat per la Covid-19 i totes les conseq\u00fc\u00e8ncies sanit\u00e0ries, econ\u00f2miques i socials que se\u2019n deriven. Al CIMTI hem estat treballant amb intensitat i prop\u00f2sit per estar al costat dels projectes i seguir-los impulsant i donant tot el suport que necessiten.\u00a0Els projectes s\u00f3n la [&hellip;]<\/p>\n","protected":false},"author":4,"featured_media":0,"comment_status":"closed","ping_status":"closed","sticky":false,"template":"","format":"standard","meta":[],"categories":[12],"tags":[],"acf":[],"_links":{"self":[{"href":"https:\/\/cimti.cat\/en\/wp-json\/wp\/v2\/posts\/3721"}],"collection":[{"href":"https:\/\/cimti.cat\/en\/wp-json\/wp\/v2\/posts"}],"about":[{"href":"https:\/\/cimti.cat\/en\/wp-json\/wp\/v2\/types\/post"}],"author":[{"embeddable":true,"href":"https:\/\/cimti.cat\/en\/wp-json\/wp\/v2\/users\/4"}],"replies":[{"embeddable":true,"href":"https:\/\/cimti.cat\/en\/wp-json\/wp\/v2\/comments?post=3721"}],"version-history":[{"count":1,"href":"https:\/\/cimti.cat\/en\/wp-json\/wp\/v2\/posts\/3721\/revisions"}],"predecessor-version":[{"id":5722,"href":"https:\/\/cimti.cat\/en\/wp-json\/wp\/v2\/posts\/3721\/revisions\/5722"}],"wp:attachment":[{"href":"https:\/\/cimti.cat\/en\/wp-json\/wp\/v2\/media?parent=3721"}],"wp:term":[{"taxonomy":"category","embeddable":true,"href":"https:\/\/cimti.cat\/en\/wp-json\/wp\/v2\/categories?post=3721"},{"taxonomy":"post_tag","embeddable":true,"href":"https:\/\/cimti.cat\/en\/wp-json\/wp\/v2\/tags?post=3721"}],"curies":[{"name":"wp","href":"https:\/\/api.w.org\/{rel}","templated":true}]}}