
{"id":3710,"date":"2020-11-26T16:29:19","date_gmt":"2020-11-26T16:29:19","guid":{"rendered":"http:\/\/cimti.cat\/ca\/?p=3710"},"modified":"2023-05-29T12:12:11","modified_gmt":"2023-05-29T12:12:11","slug":"v-reunio-del-consell-assessor-del-cimti","status":"publish","type":"post","link":"https:\/\/cimti.cat\/en\/v-reunio-del-consell-assessor-del-cimti\/","title":{"rendered":"V Reuni\u00f3 del Consell Assessor del CIMTI"},"content":{"rendered":"<p><img decoding=\"async\" loading=\"lazy\" class=\"alignnone size-medium wp-image-3713\" src=\"http:\/\/cimti.cat\/wp-content\/uploads\/2020\/11\/Screen-Shot-2020-11-26-at-5.33.05-PM-300x153.png\" alt=\"\" width=\"300\" height=\"153\" srcset=\"https:\/\/cimti.cat\/wp-content\/uploads\/2020\/11\/Screen-Shot-2020-11-26-at-5.33.05-PM-300x153.png 300w, https:\/\/cimti.cat\/wp-content\/uploads\/2020\/11\/Screen-Shot-2020-11-26-at-5.33.05-PM.png 713w\" sizes=\"(max-width: 300px) 100vw, 300px\" \/><\/p>\n<p>El dia 15 octubre vam celebrar <strong>la V reuni\u00f3 del nostre Consell Assessor<\/strong>. Durant la reuni\u00f3 vam tenir l\u2019oportunitat de debatre i parlar sobre l\u2019estat de l\u2019ecosistema al territori, de la feina feta pel centre aquests darrers mesos i dels reptes que la pand\u00e8mia suposa per al sector de l\u2019emprenedoria. Volem agrair la participaci\u00f3 a totes i tots els membres del consell que hi van poder assistir.<\/p>\n<p>Aquest comit\u00e8 va permetre extreure diverses conclusions sobre l\u2019actualitat. Es va parlar de la import\u00e0ncia de crear evid\u00e8ncia del valor de la\u00a0<strong>cultura de la innovaci\u00f3\u00a0<\/strong>i de promoure un model de\u00a0<strong>col\u00b7laboraci\u00f3\u00a0publicoprivada<\/strong>. Tamb\u00e9 va sortir a la llum un tema candent i en certs aspectes pol\u00e8mic com la\u00a0<strong>telemedicina<\/strong>. Es va posar de manifest el gran repte que ha suposat que, durant la pand\u00e8mia, s\u2019utilitzessin aquests sistemes d\u2019una manera tan r\u00e0pida i sobtada, per\u00f2 tamb\u00e9 del repte que suposar\u00e0 regular-ho i aplicar-ho de la manera correcta i en el marc adequat. La telemedicina ha arribat per implantar-se definitivament al sistema, per\u00f2 s\u2019ha de fer d\u2019una manera intel\u00b7ligent.<\/p>\n<p>Pel que fa a les <strong>inversions locals<\/strong>, es va destacar la necessitat d\u2019impulsar-les donant consist\u00e8ncia i arguments per atraure inversi\u00f3 exterior. Finalment, els i les membres del Consell Assessor van destacar la import\u00e0ncia que el Big Data i la Intel\u00b7lig\u00e8ncia Artificial (AI) han de tenir en tot el sistema sanitari i social per tal d\u2019agilitzar els processos i permetre enfocar-nos en el que de veritat importa.<\/p>\n","protected":false},"excerpt":{"rendered":"<p>El dia 15 octubre vam celebrar la V reuni\u00f3 del nostre Consell Assessor. Durant la reuni\u00f3 vam tenir l\u2019oportunitat de debatre i parlar sobre l\u2019estat de l\u2019ecosistema al territori, de la feina feta pel centre aquests darrers mesos i dels reptes que la pand\u00e8mia suposa per al sector de l\u2019emprenedoria. Volem agrair la participaci\u00f3 a [&hellip;]<\/p>\n","protected":false},"author":4,"featured_media":0,"comment_status":"closed","ping_status":"closed","sticky":false,"template":"","format":"standard","meta":[],"categories":[12],"tags":[],"acf":[],"_links":{"self":[{"href":"https:\/\/cimti.cat\/en\/wp-json\/wp\/v2\/posts\/3710"}],"collection":[{"href":"https:\/\/cimti.cat\/en\/wp-json\/wp\/v2\/posts"}],"about":[{"href":"https:\/\/cimti.cat\/en\/wp-json\/wp\/v2\/types\/post"}],"author":[{"embeddable":true,"href":"https:\/\/cimti.cat\/en\/wp-json\/wp\/v2\/users\/4"}],"replies":[{"embeddable":true,"href":"https:\/\/cimti.cat\/en\/wp-json\/wp\/v2\/comments?post=3710"}],"version-history":[{"count":1,"href":"https:\/\/cimti.cat\/en\/wp-json\/wp\/v2\/posts\/3710\/revisions"}],"predecessor-version":[{"id":5723,"href":"https:\/\/cimti.cat\/en\/wp-json\/wp\/v2\/posts\/3710\/revisions\/5723"}],"wp:attachment":[{"href":"https:\/\/cimti.cat\/en\/wp-json\/wp\/v2\/media?parent=3710"}],"wp:term":[{"taxonomy":"category","embeddable":true,"href":"https:\/\/cimti.cat\/en\/wp-json\/wp\/v2\/categories?post=3710"},{"taxonomy":"post_tag","embeddable":true,"href":"https:\/\/cimti.cat\/en\/wp-json\/wp\/v2\/tags?post=3710"}],"curies":[{"name":"wp","href":"https:\/\/api.w.org\/{rel}","templated":true}]}}