
{"id":3562,"date":"2020-08-24T14:45:38","date_gmt":"2020-08-24T14:45:38","guid":{"rendered":"http:\/\/cimti.cat\/ca\/?p=3562"},"modified":"2023-05-29T12:12:19","modified_gmt":"2023-05-29T12:12:19","slug":"innovacio-contra-la-covid-19","status":"publish","type":"post","link":"https:\/\/cimti.cat\/en\/innovacio-contra-la-covid-19\/","title":{"rendered":"Innovaci\u00f3 contra la Covid-19"},"content":{"rendered":"<p><strong>Elisenda Casanelles<\/strong>, 10.08.2020 (article d&#8217;opini\u00f3, <em>Diari de Tarragona<\/em>)<\/p>\n<p>&nbsp;<\/p>\n<p>La pand\u00e8mia de la Covid-19 ha posat sota una pressi\u00f3 inimaginable els sistemes assistencials sanitaris i socials aquests darrers mesos.<\/p>\n<p>El sistema s\u2019ha vist sotragat i s\u2019ha posat contra les cordes la seva capacitat de reaccionar i anticipar-se a una crisi de gran magnitud. Des del Centre per a la Integraci\u00f3 de la Medicina i les Tecnologies Innovadores a Catalunya (CIMTI) volem que aquesta situaci\u00f3 actu\u00ef com a revulsiu per buscar oportunitats de transformaci\u00f3 del model assistencial sanitari i social i per aix\u00f2 hem llan\u00e7at una Crida que pret\u00e9n impulsar projectes que treballin en aquest sentit.<\/p>\n<p>Sabem que els recursos s\u00f3n finits i la innovaci\u00f3 ens ha d\u2019ajudar a optimitzar-los per dues raons: una, per oferir una millor atenci\u00f3 sanit\u00e0ria i social a la ciutadania i, dues, per poder garantir una resposta coordinada amb tots els agents implicats.<\/p>\n<p>Juntament amb els departaments de Salut i de Treball, Afers Socials i Fam\u00edlies, el CIMTI impulsar\u00e0 i acompanyar\u00e0 projectes que desenvolupin solucions per transformar el model assistencial.<\/p>\n<p>El primer que necessitem \u00e9s que el pa\u00eds inici\u00ef accions que optimitzin l\u2019\u00fas dels recursos existents per donar resposta a la situaci\u00f3. Transformar el model assistencial significa buscar nous models de coordinaci\u00f3 entre els agents involucrats. Per exemple, vol dir que s\u2019han de revisar els models d\u2019atenci\u00f3 domicili\u00e0ria, sociosanit\u00e0ria i residencial perqu\u00e8 el model actual s\u2019ha vist greument colpejat.<\/p>\n<p>Cal pensar en eines de coordinaci\u00f3 perqu\u00e8 la informaci\u00f3 arribi a tots els agents. Hem d\u2019aconseguir que les dades sanit\u00e0ries arribin a la part social i les socials, a la sanit\u00e0ria. Quan parlem de transformar el model assistencial volem emfatitzar que \u00e9s una reflexi\u00f3 que ve de fons i que ha de tenir en compte les particularitats de la poblaci\u00f3, cada cop m\u00e9s envellida i amb prevalen\u00e7a de patologies cr\u00f2niques.<\/p>\n<p>Despr\u00e9s de parlar amb els Departaments, d\u2019organitzar un taller amb 33 experts de diferents entitats del sector, la Crida ha quedat delimitada a buscar solucions en quatre tem\u00e0tiques: transformaci\u00f3 el model assistencial; gesti\u00f3 i coordinaci\u00f3 de les dades en l\u2019entorn sanitari i social; apoderament del pacient-ciutad\u00e0 per promoure l\u2019autocura, l\u2019autogesti\u00f3 i autonomia; nous dispositius d\u2019\u00fas sanitari per fer front a una pand\u00e8mia, que en aquest cas estarien pensats per a rebrots i futures pand\u00e8mies per cobrir les necessitats de professionals i pacients.<\/p>\n<p>Avaluarem les propostes segons criteris relacionats amb: com la idea resol una necessitat, la viabilitat i impacte que pot generar i l\u2019equip que t\u00e9 al darrere.<\/p>\n<p>Hem vist que hi ha una gran capacitat emprenedora i innovadora al nostre territori per impulsar la transformaci\u00f3 del sistema sanitari i social i la volem capitalitzar. Animo la comunitat emprenedora, investigadora, cl\u00ednica i social a participar en aquesta Crida que respon a un repte urgent i necessari.<\/p>\n<p>Es tracta d\u2019optimitzar recursos per atendre la ciutadania quan sigui necessari i fer-ho de manera coordinada, sistematitzada i sist\u00e8mica. La sostenibilitat del sistema ha de passar, sens dubte, per la innovaci\u00f3.<\/p>\n<p>La nostra voluntat \u00e9s treballar amb els dos Departaments amb l\u2019objectiu com\u00fa de fer cr\u00e9ixer els millors projectes amb m\u00e9s capacitat d\u2019escalabilitat i facilitar la seva implantaci\u00f3 en un per\u00edode relativament curt de temps a tot el territori.<\/p>\n<p>La innovaci\u00f3 ha de tenir un paper clau en aquesta nova normalitat que ens ha tocat viure. Tenim una oportunitat a les nostres mans i no la podem deixar escapar.<\/p>\n","protected":false},"excerpt":{"rendered":"<p>Elisenda Casanelles, 10.08.2020 (article d&#8217;opini\u00f3, Diari de Tarragona) &nbsp; La pand\u00e8mia de la Covid-19 ha posat sota una pressi\u00f3 inimaginable els sistemes assistencials sanitaris i socials aquests darrers mesos. El sistema s\u2019ha vist sotragat i s\u2019ha posat contra les cordes la seva capacitat de reaccionar i anticipar-se a una crisi de gran magnitud. Des del [&hellip;]<\/p>\n","protected":false},"author":4,"featured_media":0,"comment_status":"closed","ping_status":"closed","sticky":false,"template":"","format":"standard","meta":[],"categories":[5],"tags":[],"acf":[],"_links":{"self":[{"href":"https:\/\/cimti.cat\/en\/wp-json\/wp\/v2\/posts\/3562"}],"collection":[{"href":"https:\/\/cimti.cat\/en\/wp-json\/wp\/v2\/posts"}],"about":[{"href":"https:\/\/cimti.cat\/en\/wp-json\/wp\/v2\/types\/post"}],"author":[{"embeddable":true,"href":"https:\/\/cimti.cat\/en\/wp-json\/wp\/v2\/users\/4"}],"replies":[{"embeddable":true,"href":"https:\/\/cimti.cat\/en\/wp-json\/wp\/v2\/comments?post=3562"}],"version-history":[{"count":1,"href":"https:\/\/cimti.cat\/en\/wp-json\/wp\/v2\/posts\/3562\/revisions"}],"predecessor-version":[{"id":5730,"href":"https:\/\/cimti.cat\/en\/wp-json\/wp\/v2\/posts\/3562\/revisions\/5730"}],"wp:attachment":[{"href":"https:\/\/cimti.cat\/en\/wp-json\/wp\/v2\/media?parent=3562"}],"wp:term":[{"taxonomy":"category","embeddable":true,"href":"https:\/\/cimti.cat\/en\/wp-json\/wp\/v2\/categories?post=3562"},{"taxonomy":"post_tag","embeddable":true,"href":"https:\/\/cimti.cat\/en\/wp-json\/wp\/v2\/tags?post=3562"}],"curies":[{"name":"wp","href":"https:\/\/api.w.org\/{rel}","templated":true}]}}