
{"id":859,"date":"2017-09-27T10:07:26","date_gmt":"2017-09-27T10:07:26","guid":{"rendered":"http:\/\/cimti.cat\/ca\/?p=859"},"modified":"2023-05-29T12:14:38","modified_gmt":"2023-05-29T12:14:38","slug":"presentan-centro-para-integrar-medicina-y-las-tecnologias-innovadoras-2","status":"publish","type":"post","link":"https:\/\/cimti.cat\/ca\/presentan-un-centro-para-integrar-la-medicina-y-las-tecnologias-innovadoras-2\/","title":{"rendered":"Presentan un centro para integrar la medicina y las tecnolog\u00edas innovadoras"},"content":{"rendered":"<p>El conseller de Salud, Toni Com\u00edn, ha presentado el Centro por la integraci\u00f3n de la Medicina y las Tecnolog\u00edas Innovadoras (CIMTI), que pretende mejorar el posicionamiento de Catalu\u00f1a en t\u00e9rminos de innovaci\u00f3n en salud. Este nuevo instrumento est\u00e1 inspirado en el Consorcio de innovaci\u00f3n m\u00e9dico-tecnol\u00f3gica CIMIT de Boston (EEUU), con el que ha establecido una alianza estrat\u00e9gica. El objetivo del proyecto es poner en valor la innovaci\u00f3n de los sistema de salud y social promoviendo proyectos que tengan un gran impacto sobre la mejora y el bienestar de los pacientes Cada a\u00f1o, un comit\u00e9 de expertos internacional, externo e independiente, seleccionar\u00e1 entre 10 y 20 proyectos que se desarrollar\u00e1n en el centro y recibir\u00e1n apoyo t\u00e9cnico especializado para maximizar su impacto en el sistema sanitario.<\/p>\n<blockquote class=\"wp-embedded-content\" data-secret=\"s0REeKTbTc\"><p><a href=\"http:\/\/isanidad.com\/97228\/presentan-un-centro-para-integrar-la-medicina-y-las-tecnologias-innovadoras\/\">Presentan un centro para integrar la medicina y las tecnolog\u00edas innovadoras<\/a><\/p><\/blockquote>\n<p><iframe class=\"wp-embedded-content\" sandbox=\"allow-scripts\" security=\"restricted\" style=\"position: absolute; clip: rect(1px, 1px, 1px, 1px);\" src=\"http:\/\/isanidad.com\/97228\/presentan-un-centro-para-integrar-la-medicina-y-las-tecnologias-innovadoras\/embed\/#?secret=s0REeKTbTc\" data-secret=\"s0REeKTbTc\" width=\"600\" height=\"338\" title=\"&#8220;Presentan un centro para integrar la medicina y las tecnolog\u00edas innovadoras&#8221; &#8212; iSanidad\" frameborder=\"0\" marginwidth=\"0\" marginheight=\"0\" scrolling=\"no\"><\/iframe><\/p>\n","protected":false},"excerpt":{"rendered":"<p>El conseller de Salud, Toni Com\u00edn, ha presentado el Centro por la integraci\u00f3n de la Medicina y las Tecnolog\u00edas Innovadoras (CIMTI), que pretende mejorar el posicionamiento de Catalu\u00f1a en t\u00e9rminos de innovaci\u00f3n en salud. Este nuevo instrumento est\u00e1 inspirado en el Consorcio de innovaci\u00f3n m\u00e9dico-tecnol\u00f3gica CIMIT de Boston (EEUU), con el que ha establecido una [&hellip;]<\/p>\n","protected":false},"author":4,"featured_media":0,"comment_status":"closed","ping_status":"closed","sticky":false,"template":"","format":"standard","meta":[],"categories":[5],"tags":[],"acf":[],"_links":{"self":[{"href":"https:\/\/cimti.cat\/ca\/wp-json\/wp\/v2\/posts\/859"}],"collection":[{"href":"https:\/\/cimti.cat\/ca\/wp-json\/wp\/v2\/posts"}],"about":[{"href":"https:\/\/cimti.cat\/ca\/wp-json\/wp\/v2\/types\/post"}],"author":[{"embeddable":true,"href":"https:\/\/cimti.cat\/ca\/wp-json\/wp\/v2\/users\/4"}],"replies":[{"embeddable":true,"href":"https:\/\/cimti.cat\/ca\/wp-json\/wp\/v2\/comments?post=859"}],"version-history":[{"count":1,"href":"https:\/\/cimti.cat\/ca\/wp-json\/wp\/v2\/posts\/859\/revisions"}],"predecessor-version":[{"id":5818,"href":"https:\/\/cimti.cat\/ca\/wp-json\/wp\/v2\/posts\/859\/revisions\/5818"}],"wp:attachment":[{"href":"https:\/\/cimti.cat\/ca\/wp-json\/wp\/v2\/media?parent=859"}],"wp:term":[{"taxonomy":"category","embeddable":true,"href":"https:\/\/cimti.cat\/ca\/wp-json\/wp\/v2\/categories?post=859"},{"taxonomy":"post_tag","embeddable":true,"href":"https:\/\/cimti.cat\/ca\/wp-json\/wp\/v2\/tags?post=859"}],"curies":[{"name":"wp","href":"https:\/\/api.w.org\/{rel}","templated":true}]}}