
{"id":812,"date":"2017-09-27T09:23:09","date_gmt":"2017-09-27T09:23:09","guid":{"rendered":"http:\/\/cimti.cat\/ca\/?p=812"},"modified":"2023-05-29T12:14:53","modified_gmt":"2023-05-29T12:14:53","slug":"nace-centro-para-integracion-medicina-y-las-tecnologias-innovadoras","status":"publish","type":"post","link":"https:\/\/cimti.cat\/ca\/nace-el-centro-para-la-integracion-de-la-medicina-y-las-tecnologias-innovadoras\/","title":{"rendered":"Nace el Centro para la Integraci\u00f3n de la Medicina y las Tecnolog\u00edas Innovadoras"},"content":{"rendered":"<p>El CIMT seleccionar\u00e1 proyectos que recibir\u00e1n apoyo t\u00e9cnico especializado para que tengan un impacto notable en el sistema sanitario.<\/p>\n<p>Nace en <b>Catalunya<\/b> el <b>Centro para la Integraci\u00f3n de la Medicina y las Tecnolog\u00edas Innovadoras <\/b>(<b>CIMT<\/b>), impulsado por <b>Leitat<\/b>. Cada a\u00f1o, un comit\u00e9 de expertos seleccionar\u00e1 entre 10 y 20 proyectos que recibir\u00e1n apoyo t\u00e9cnico especializado para que tengan un impacto notable en el sistema sanitario<\/p>\n<p>\u201cEl CIMT quiere poner en valor toda la investigaci\u00f3n del sistema sanitario y social de nuestro pa\u00eds y transformarlo en productos que mejoren el bienestar para las personas\u201d, afirman en un comunicado. El Centro persigue \u201cgenerar nuevas soluciones de alto impacto social en el \u00e1mbito de los dispositivos m\u00e9dico-tecnol\u00f3gicos\u201d, a\u00f1aden.<\/p>\n<p>El CIMT quiere poner en valor la investigaci\u00f3n del sistema sanitario y transformarlo en productos que mejoren el bienestar de las personas<\/p>\n<p>El conseller de Salut, Toni Com\u00edn, ha asegurado este mi\u00e9rcoles que esta iniciativa es una \u201cestructura de estado\u201d y ha destacado que ser\u00e1 una herramienta \u201cpara poner la innovaci\u00f3n al nivel de la investigaci\u00f3n\u201d.<\/p>\n<p>El Centro aglutinar\u00e1 el conocimiento de los expertos y lo transformar\u00e1 en dispositivos m\u00e9dicos de comercializaci\u00f3n asequible y de f\u00e1cil acceso para los ciudadanos. \u201cInnovaci\u00f3n va estrechamente unido a internacionalizaci\u00f3n\u201d, apunt\u00f3 Com\u00edn.<\/p>\n<p>Toni Com\u00edn, ha asegurado que esta iniciativa es una \u201cestructura de estado\u201d<\/p>\n<p>El CIMT tiene previsto desplegar estrategias para atraer inversiones, dar\u00e1 apoyo t\u00e9cnico y maximizar\u00e1 el impacto social de las innovaciones que desarrolle. Manel Balcells, comisionado de salud de Leitat, ha destacado que el Centro \u201cno financiar\u00e1 proyecto, no generar\u00e1 patentes, no har\u00e1 I+D\u201d. \u201cImpulsaremos proyectos de gran impacto. Transformaremos la innovaci\u00f3n en bienestar\u201c, sentenci\u00f3.<\/p>\n<p>Cada a\u00f1o, un comit\u00e9 de expertos internacional seleccionar\u00e1 entre 10 y 20 proyectos que se desarrollar\u00e1n en el centro. Estos proyectos recibir\u00e1n apoyo t\u00e9cnico especializado poder maximizar su impacto en el sistema sanitario.<\/p>\n<p>Otro de los retos que se plantea es el de facilitar la internacionalizaci\u00f3n del producto. \u201cLas soluciones que encontramos en Catalunya deben tener proyecci\u00f3n en el mundo\u201d, remach\u00f3 Manel Balcells. El centro para la integraci\u00f3n de la medicina y las tecnolog\u00edas innovadoras nace con una financiaci\u00f3n base de 1.750.000 de euros que aportar\u00e1 el departament de Salut.<\/p>\n<p>El CIMT tiene previsto desplegar estrategias para atraer inversiones y dar\u00e1 apoyo t\u00e9cnico<\/p>\n<p>http:\/\/www.lavanguardia.com\/vida\/20170927\/431597576867\/cimt-medicina-tecnologia-integracion.html<\/p>","protected":false},"excerpt":{"rendered":"<p>El CIMT seleccionar\u00e1 proyectos que recibir\u00e1n apoyo t\u00e9cnico especializado para que tengan un impacto notable en el sistema sanitario. Nace en Catalunya el Centro para la Integraci\u00f3n de la Medicina y las Tecnolog\u00edas Innovadoras (CIMT), impulsado por Leitat. Cada a\u00f1o, un comit\u00e9 de expertos seleccionar\u00e1 entre 10 y 20 proyectos que recibir\u00e1n apoyo t\u00e9cnico especializado [&hellip;]<\/p>\n","protected":false},"author":4,"featured_media":0,"comment_status":"closed","ping_status":"closed","sticky":false,"template":"","format":"standard","meta":[],"categories":[5],"tags":[],"acf":[],"_links":{"self":[{"href":"https:\/\/cimti.cat\/ca\/wp-json\/wp\/v2\/posts\/812"}],"collection":[{"href":"https:\/\/cimti.cat\/ca\/wp-json\/wp\/v2\/posts"}],"about":[{"href":"https:\/\/cimti.cat\/ca\/wp-json\/wp\/v2\/types\/post"}],"author":[{"embeddable":true,"href":"https:\/\/cimti.cat\/ca\/wp-json\/wp\/v2\/users\/4"}],"replies":[{"embeddable":true,"href":"https:\/\/cimti.cat\/ca\/wp-json\/wp\/v2\/comments?post=812"}],"version-history":[{"count":1,"href":"https:\/\/cimti.cat\/ca\/wp-json\/wp\/v2\/posts\/812\/revisions"}],"predecessor-version":[{"id":5831,"href":"https:\/\/cimti.cat\/ca\/wp-json\/wp\/v2\/posts\/812\/revisions\/5831"}],"wp:attachment":[{"href":"https:\/\/cimti.cat\/ca\/wp-json\/wp\/v2\/media?parent=812"}],"wp:term":[{"taxonomy":"category","embeddable":true,"href":"https:\/\/cimti.cat\/ca\/wp-json\/wp\/v2\/categories?post=812"},{"taxonomy":"post_tag","embeddable":true,"href":"https:\/\/cimti.cat\/ca\/wp-json\/wp\/v2\/tags?post=812"}],"curies":[{"name":"wp","href":"https:\/\/api.w.org\/{rel}","templated":true}]}}