
{"id":5293,"date":"2022-12-12T08:57:09","date_gmt":"2022-12-12T08:57:09","guid":{"rendered":"https:\/\/cimti.cat\/ca\/?p=5293"},"modified":"2023-05-29T12:11:23","modified_gmt":"2023-05-29T12:11:23","slug":"carta-de-benvinguda-del-cimti-newsletter-desembre-2022","status":"publish","type":"post","link":"https:\/\/cimti.cat\/ca\/carta-de-benvinguda-del-cimti-newsletter-desembre-2022-3\/","title":{"rendered":"Canvi de lideratge"},"content":{"rendered":"<p style=\"font-weight: 400;\">L\u2019Elisenda Casanelles ha tingut l\u2019oportunitat d\u2019iniciar un nou cam\u00ed professional que li permetr\u00e0 seguir desenvolupant-se i aportant valor a l\u2019ecosistema ja que, com no podia ser d\u2019una altra manera, seguir\u00e0 vinculada al m\u00f3n de la tecnologia, la innovaci\u00f3 i la salut. Tots els que formem part del CIMTI li desitgem el millor en aquesta nova etapa.<\/p>\n<p style=\"font-weight: 400;\">L\u2019Anna G\u00f3mez, membre de l\u2019equip i amb una \u00e0mplia experi\u00e8ncia en l\u2019\u00e0mbit de la tecnologia i la innovaci\u00f3 en salut, agafa el seu relleu per continuar fent cr\u00e9ixer el CIMTI. L\u2019Anna \u00e9s Graduada en Biologia Humana per la Universitat Pompeu Fabra (UPF) amb dos M\u00e0sters en Direcci\u00f3 Comercial i M\u00e0rqueting Farmac\u00e8utic i en Transformaci\u00f3 Digital en l\u2019\u00e0mbit Sanitari i Farmac\u00e8utic. T\u00e9 set anys d&#8217;experi\u00e8ncia en l&#8217;\u00e0mbit de la salut, quatre d&#8217;ells en el camp del m\u00e0rqueting, la internacionalitzaci\u00f3 de productes del sector farmac\u00e8utic i el desenvolupament de negoci des de la perspectiva orientada al pacient i la generaci\u00f3 d&#8217;impacte a trav\u00e9s de productes de salut digital.\u00a0Estem conven\u00e7uts que amb la seva experi\u00e8ncia i motivaci\u00f3 continuar\u00e0 donant suport a les innovacions sorgides dels agents de l\u2019ecosistema.<\/p>\n<p style=\"font-weight: 400;\"><strong>Seguim sumant<\/strong><\/p>\n<p style=\"font-weight: 400;\">El CIMTI tanca el seu cinqu\u00e8 any d\u2019activitat consolidat com una de les entitats de refer\u00e8ncia dins l\u2019ecosistema d\u2019innovaci\u00f3 de Catalunya. Ha estat un per\u00edode en el que hem estat testimonis actius de l\u2019evoluci\u00f3 de la tecnologia aplicada a l\u2019\u00e0mbit de la salut i social i en el que hem vist n\u00e9ixer i cr\u00e9ixer 56 projectes. Aquests, han gaudit de la nostra cartera de serveis i han comptat amb el suport dels nostres assessors i amb l\u2019entrega i l\u2019esfor\u00e7 d\u2019un equip de professionals sense els quals no hagu\u00e9ssim arribat a assolir els nostres objectius.<\/p>\n<p style=\"font-weight: 400;\">Aquest 2022, finalitza amb 22 projectes actius al portfoli del CIMTI. Tots ells tenen l\u2019oportunitat de treballar amb l\u2019equip del CIMTI per prototipar les seves solucions, validar-les a nivell cl\u00ednic i disminuir el temps d\u2019arribada a mercat. Enguany, hem invertit 600.000\u20ac en donar suport als projectes que impulsem, que s\u2019han utilitzat en 32 centres sanitaris i han impactant en m\u00e9s de 100.000 pacients.<\/p>\n<p style=\"font-weight: 400;\">Una de les claus del CIMTI per aconseguir aquests resultats \u00e9s l\u2019extensa xarxa de <em>stakeholders<\/em> amb la que compta, que ens permet estar presents en la posada en marxa d\u2019iniciatives tant rellevants com el grup de treball <em>fast track<\/em>d\u2019adopci\u00f3 de la innovaci\u00f3, impulsat pel Departament de Salut de la Generalitat de Catalunya i Biocat.<\/p>\n<p style=\"font-weight: 400;\">Aix\u00ed doncs, encarem el 2023 amb moltes ganes i il\u00b7lusi\u00f3 per seguir impulsant la innovaci\u00f3 sanit\u00e0ria i social i contribuir a implantar la innovaci\u00f3 al sistema perqu\u00e8 la ciutadania se\u2019n benefici\u00ef.<\/p>\n","protected":false},"excerpt":{"rendered":"<p>L\u2019Elisenda Casanelles ha tingut l\u2019oportunitat d\u2019iniciar un nou cam\u00ed professional que li permetr\u00e0 seguir desenvolupant-se i aportant valor a l\u2019ecosistema ja que, com no podia ser d\u2019una altra manera, seguir\u00e0 vinculada al m\u00f3n de la tecnologia, la innovaci\u00f3 i la salut. Tots els que formem part del CIMTI li desitgem el millor en aquesta nova [&hellip;]<\/p>\n","protected":false},"author":4,"featured_media":5564,"comment_status":"closed","ping_status":"closed","sticky":false,"template":"","format":"standard","meta":[],"categories":[13,14],"tags":[],"acf":[],"_links":{"self":[{"href":"https:\/\/cimti.cat\/ca\/wp-json\/wp\/v2\/posts\/5293"}],"collection":[{"href":"https:\/\/cimti.cat\/ca\/wp-json\/wp\/v2\/posts"}],"about":[{"href":"https:\/\/cimti.cat\/ca\/wp-json\/wp\/v2\/types\/post"}],"author":[{"embeddable":true,"href":"https:\/\/cimti.cat\/ca\/wp-json\/wp\/v2\/users\/4"}],"replies":[{"embeddable":true,"href":"https:\/\/cimti.cat\/ca\/wp-json\/wp\/v2\/comments?post=5293"}],"version-history":[{"count":3,"href":"https:\/\/cimti.cat\/ca\/wp-json\/wp\/v2\/posts\/5293\/revisions"}],"predecessor-version":[{"id":5563,"href":"https:\/\/cimti.cat\/ca\/wp-json\/wp\/v2\/posts\/5293\/revisions\/5563"}],"wp:featuredmedia":[{"embeddable":true,"href":"https:\/\/cimti.cat\/ca\/wp-json\/wp\/v2\/media\/5564"}],"wp:attachment":[{"href":"https:\/\/cimti.cat\/ca\/wp-json\/wp\/v2\/media?parent=5293"}],"wp:term":[{"taxonomy":"category","embeddable":true,"href":"https:\/\/cimti.cat\/ca\/wp-json\/wp\/v2\/categories?post=5293"},{"taxonomy":"post_tag","embeddable":true,"href":"https:\/\/cimti.cat\/ca\/wp-json\/wp\/v2\/tags?post=5293"}],"curies":[{"name":"wp","href":"https:\/\/api.w.org\/{rel}","templated":true}]}}