
{"id":4909,"date":"2022-03-30T10:02:46","date_gmt":"2022-03-30T10:02:46","guid":{"rendered":"https:\/\/cimti.cat\/ca\/?p=4909"},"modified":"2023-05-29T12:11:33","modified_gmt":"2023-05-29T12:11:33","slug":"carta-de-benvinguda-de-manel-balcells-a-la-newsletter-cimti-marc-2022","status":"publish","type":"post","link":"https:\/\/cimti.cat\/ca\/carta-de-benvinguda-de-manel-balcells-a-la-newsletter-cimti-marc-2022\/","title":{"rendered":"Carta de benvinguda de Manel Balcells a la newsletter CIMTI \u2013 mar\u00e7 2022"},"content":{"rendered":"<p>Hem encetat un nou any i ho hem fet amb energies renovades. Hem donat la benvinguda a nous projectes, que s\u2019han incorporat al CIMTI amb molta il\u00b7lusi\u00f3 i ganes de treballar, i hem acomiadat d\u2019altres, que ja han rebut el nostre impuls i als que esperem veure ben aviat dins el mercat o implantats en el sistema de salut.<\/p>\n<p>Les nostres dues convocat\u00f2ries anuals, la Crida Innovaci\u00f3 i la Crida Repte, al 2021 han servit per sumar 16 nous projectes a la comunitat CIMTI. A partir d\u2019ara, tindran l\u2019oportunitat d\u2019aplicar el Cicle d\u2019Innovaci\u00f3 en Salut, la nostra metodologia de treball, i gaudir de la completa cartera de serveis que els oferim, valorada actualment en 85.000\u20ac.\u00a0 Tenen especial rellev\u00e0ncia els 5 projectes que tenen com a objectiu millorar l\u2019atenci\u00f3, diagn\u00f2stic i tractament de les problem\u00e0tiques en Salut Mental, una necessitat detectada i prioritzada conjuntament amb experts del sistema catal\u00e0 de salut.<\/p>\n<p>Durant aquests dos anys de pand\u00e8mia, el nombre de persones afectades per alguna problem\u00e0tica de Salut Mental s\u2019ha multiplicat, amb especial incid\u00e8ncia entre la poblaci\u00f3 jove i adolescent i els estudis fan preveure que aquesta tend\u00e8ncia no es reduir\u00e0 a curt termini. S\u2019estima que el 50% de les persones afectades per un problema d\u2019aquest tipus al m\u00f3n ho desconeixen perqu\u00e8 han tingut un mal diagn\u00f2stic; el 74% no estan tractades perqu\u00e8 no arriben al sistema de salut i el 43% abandonen el tractament, amb les conseq\u00fc\u00e8ncies que aix\u00f2 comporta. Per aix\u00f2, la nostra Crida Repte 2021 es va dirigir a les persones innovadores i emprenedores, les idees innovadores de les quals necessiten un impuls per esdevenir realitat i una soluci\u00f3 eficient pels pacients i els professionals de l\u2019\u00e0mbit de la salut i social.<\/p>\n<p>Un comit\u00e8 d\u2019experts format per 43 persones amb experi\u00e8ncia en els \u00e0mbits de la salut i social \u00e9s qui en col\u00b7laboraci\u00f3 amb les principals organitzacions del sector detecten quines s\u00f3n les principals necessitats a cobrir, les valoren i ens ajuden a determinar l\u2019enfoc de la nostra Crida Repte. De la mateixa manera, la resta dels projectes que impulsem tamb\u00e9 cobreixen un buit del mercat. En aquest sentit, ens sentim molt satisfets de que 5 de les solucions a les que hem donat suport des de 2017 ja estiguin al mercat i 27 centres sanitaris estiguin utilitzen alguna de les innovacions sorgides al CIMTI.<\/p>\n<p>Els 16 nous projectes que han arribat enguany arrodoneixen una xifra total de 51 impulsats i 29 productes en desenvolupament, els quals han impactat en 303.000 pacients. \u00a0\u00c9s molta la feina que s\u2019est\u00e0 fent perqu\u00e8 Catalunya esdevingui referent internacional en innovaci\u00f3 tecnol\u00f2gica i no nom\u00e9s des del CIMTI, sin\u00f3 des de totes les entitats que formem part de l\u2019ecosistema, que remem en una \u00fanica direcci\u00f3. Hi ha mat\u00e8ria prima i la nostra funci\u00f3 \u00e9s donar un cop de m\u00e0 per aconseguir donar-li forma, obrir-li la porta i impulsa-la fort. Aix\u00ed, ja tenim convocada la Crida Innovaci\u00f3 2022. Podeu presentar els vostres projectes fins el proper 14 d\u2019abril, no deixis escapar l\u2019oportunitat!<\/p>\n<p>&nbsp;<\/p>\n<p><strong>Manel Balcells<\/strong><br \/>\nDirector del CIMTI<\/p>\n","protected":false},"excerpt":{"rendered":"<p>Hem encetat un nou any i ho hem fet amb energies renovades. Hem donat la benvinguda a nous projectes, que s\u2019han incorporat al CIMTI amb molta il\u00b7lusi\u00f3 i ganes de treballar, i hem acomiadat d\u2019altres, que ja han rebut el nostre impuls i als que esperem veure ben aviat dins el mercat o implantats en [&hellip;]<\/p>\n","protected":false},"author":4,"featured_media":0,"comment_status":"closed","ping_status":"closed","sticky":false,"template":"","format":"standard","meta":[],"categories":[12,14],"tags":[],"acf":[],"_links":{"self":[{"href":"https:\/\/cimti.cat\/ca\/wp-json\/wp\/v2\/posts\/4909"}],"collection":[{"href":"https:\/\/cimti.cat\/ca\/wp-json\/wp\/v2\/posts"}],"about":[{"href":"https:\/\/cimti.cat\/ca\/wp-json\/wp\/v2\/types\/post"}],"author":[{"embeddable":true,"href":"https:\/\/cimti.cat\/ca\/wp-json\/wp\/v2\/users\/4"}],"replies":[{"embeddable":true,"href":"https:\/\/cimti.cat\/ca\/wp-json\/wp\/v2\/comments?post=4909"}],"version-history":[{"count":3,"href":"https:\/\/cimti.cat\/ca\/wp-json\/wp\/v2\/posts\/4909\/revisions"}],"predecessor-version":[{"id":4912,"href":"https:\/\/cimti.cat\/ca\/wp-json\/wp\/v2\/posts\/4909\/revisions\/4912"}],"wp:attachment":[{"href":"https:\/\/cimti.cat\/ca\/wp-json\/wp\/v2\/media?parent=4909"}],"wp:term":[{"taxonomy":"category","embeddable":true,"href":"https:\/\/cimti.cat\/ca\/wp-json\/wp\/v2\/categories?post=4909"},{"taxonomy":"post_tag","embeddable":true,"href":"https:\/\/cimti.cat\/ca\/wp-json\/wp\/v2\/tags?post=4909"}],"curies":[{"name":"wp","href":"https:\/\/api.w.org\/{rel}","templated":true}]}}