
{"id":4882,"date":"2022-03-21T13:47:15","date_gmt":"2022-03-21T13:47:15","guid":{"rendered":"http:\/\/cimti.cat\/ca\/?p=4882"},"modified":"2023-05-29T12:11:34","modified_gmt":"2023-05-29T12:11:34","slug":"sergi-artigas-el-cimti-permet-aglutinar-tots-els-agents-del-sistema-de-salut-i-multiplicar-leficiencia-de-la-capacitat-emprenedora-del-territori","status":"publish","type":"post","link":"https:\/\/cimti.cat\/ca\/sergi-artigas-el-cimti-permet-aglutinar-tots-els-agents-del-sistema-de-salut-i-multiplicar-leficiencia-de-la-capacitat-emprenedora-del-territori\/","title":{"rendered":"Sergi Artigas: \u201cEl CIMTI permet aglutinar tots els agents del sistema de salut\u201d"},"content":{"rendered":"<p><strong><img decoding=\"async\" loading=\"lazy\" class=\"size-medium wp-image-4883 alignleft\" src=\"http:\/\/cimti.cat\/wp-content\/uploads\/2022\/03\/7.-Sergi-Artigas-Foto-300x199.jpg\" alt=\"\" width=\"300\" height=\"199\" srcset=\"https:\/\/cimti.cat\/wp-content\/uploads\/2022\/03\/7.-Sergi-Artigas-Foto-300x199.jpg 300w, https:\/\/cimti.cat\/wp-content\/uploads\/2022\/03\/7.-Sergi-Artigas-Foto-1024x681.jpg 1024w, https:\/\/cimti.cat\/wp-content\/uploads\/2022\/03\/7.-Sergi-Artigas-Foto-768x511.jpg 768w, https:\/\/cimti.cat\/wp-content\/uploads\/2022\/03\/7.-Sergi-Artigas-Foto-1536x1021.jpg 1536w, https:\/\/cimti.cat\/wp-content\/uploads\/2022\/03\/7.-Sergi-Artigas-Foto-2048x1362.jpg 2048w\" sizes=\"(max-width: 300px) 100vw, 300px\" \/>Sergi Artigas<\/strong> \u00e9s el <strong>director d\u2019Estrat\u00e8gia en Innovaci\u00f3<\/strong> de <strong>Leitat Technological Center<\/strong>. \u00c9s enginyer industrial per la Universitat Polit\u00e8cnica de Catalunya (UPC), t\u00e9 un MBA Internacional per l\u2019Euncet Business School i \u00e9s doctorand, tamb\u00e9 per la UPC. Artigas, qui, recentment, ha estat nomenat com a nou president del Club Cecot d\u2019Innovaci\u00f3 i Tecnologia, compta amb una \u00e0mplia experi\u00e8ncia professional en la ind\u00fastria, tant en empreses nacionals com en multinacionals, en sectors com l\u2019hospitalari i el de l\u2019automoci\u00f3.<\/p>\n<p><strong>Per qu\u00e8 creus que la innovaci\u00f3 \u00e9s important des del punt de vista empresarial i com a societat?<\/strong><\/p>\n<p>La innovaci\u00f3 permet materialitzar les evolucions tecnol\u00f2giques i generar competitivitat a les empreses i benestar a la societat.<\/p>\n<p><strong>Com contribueix Leitat a la innovaci\u00f3 del pa\u00eds?<\/strong><\/p>\n<p>Sota el paradigma de la Innovaci\u00f3 Oberta, Leitat acompanya i coopera perqu\u00e8 la transfer\u00e8ncia tecnol\u00f2gica esdevingui tangible. En col\u00b7laboraci\u00f3 amb empreses, independentment de la dimensi\u00f3 que tinguin, i institucions, desenvolupa tecnologia en els \u00e0mbits que el teixit empresarial requereix per esdevenir competitiu en els seus mercats.<\/p>\n<p><strong>El CIMTI \u00e9s una iniciativa de Leitat que utilitza les seves capacitats en el sector salut per accelerar l\u2019arribada al mercat de solucions innovadores. Quines s\u00f3n les principals \u00e0rees d\u2019expertesa de Leitat, i quines les sub\u00e0rees d\u2019expertesa en salut i biomedicina?<\/strong><\/p>\n<p>Les principals \u00e0rees s\u00f3n la Salut i Biomedicina, Energia i Enginyeria, Qu\u00edmica Aplicada i Materials i Economia Circular. Dins de l\u2019\u00e0mbit de salut i biomedicina, l\u2019expertesa actualment est\u00e0 focalitzada en camps com el de la medicina regenerativa, biosens\u00f2rica, metabol\u00f2mica i bioanal\u00edtica, anticossos, salut de la pell i cosm\u00e8tica, oncologia i angiog\u00e8nesi, alimentaci\u00f3 i sistema nervi\u00f3s.<\/p>\n<h4 style=\"text-align: center;\">\u201cEns trobem de ple en una revoluci\u00f3 industrial amb una gran capacitat d\u2019interconnexi\u00f3 entre tecnologies i en la que el m\u00f3n f\u00edsic i el digital s\u2019han unit per sempre\u201d<\/h4>\n<p><strong>Com creus que les \u00e0rees d\u2019expertesa de Leitat poden ajudar a emprenedors i a empreses a impulsar la seva innovaci\u00f3?<\/strong><\/p>\n<p>Ens trobem de ple en una revoluci\u00f3 industrial. La denominada Ind\u00fastria 4.0 t\u00e9 com a principal caracter\u00edstica els vectors tecnol\u00f2gics que l\u2019impulsen: <em>big data<\/em>, <em>cloud<\/em>, rob\u00f2tica, impressi\u00f3 3D, intel\u00b7lig\u00e8ncia artificial, simulaci\u00f3&#8230; un conjunt de tecnologies que posen de manifest un proc\u00e9s tecnol\u00f2gic irreversible i \u00e9s que el m\u00f3n f\u00edsic i el m\u00f3n digital s\u2019han ajuntat i ja no se separaran.<\/p>\n<p>Alhora, dins d\u2019aquest context, es dona un altre fenomen molt important per als emprenedors i les empreses i \u00e9s la gran capacitat d\u2019interconnexi\u00f3 entre tecnologies. Un exemple clar el tenim en el desenvolupament de dispositius m\u00e8dics, que tenen una component f\u00edsica tangible i, alhora, estan connectats a xarxes virtuals per a la recol\u00b7lecci\u00f3 de dades o la presa de decisions i, simult\u00e0niament, requereixen un alt nivell de protecci\u00f3 en termes de ciberseguretat.<\/p>\n<p>Per aquests motius, val la pena prendre consci\u00e8ncia de la capacitat d\u2019adopci\u00f3 de diferents tecnologies com a base per a la generaci\u00f3 de nous models emprenedors i de negoci.<\/p>\n<p><strong>Quin \u00e9s el principal valor que creus que el CIMTI aporta a Leitat?<\/strong><\/p>\n<p>Entre les moltes funcions que permet desenvolupar una iniciativa com el CIMTI, em quedo amb la seva capacitat aglutinadora d\u2019agents del sistema de salut. El CIMTI permet que all\u00f2 que es feia en menor mesura o, sobretot, de forma dispersa i sense capacitat de seguiment ni d\u2019escalat, ara es pugui dur a terme en un marc en qu\u00e8 tot el sistema hi est\u00e0 implicat, aix\u00ed es multiplica l\u2019efici\u00e8ncia de la capacitat emprenedora del territori.<\/p>\n<h4 style=\"text-align: center;\">\u201cUn dels grans \u00e8xits del CIMTI i Leitat \u00e9s la capacitat que tenen per connectar empreses, emprenedors i hospitals i desenvolupar solucions innovadores que permetin millorar el sistema de salut\u201d.<\/h4>\n<p><strong>Quin ha estat el rol de Leitat en la innovaci\u00f3 com a resposta a la pand\u00e8mia?<\/strong><\/p>\n<p>Per una banda, amb l\u2019inici de la pand\u00e8mia, Leitat va ser designat com un actor essencial de l\u2019ecosistema i aix\u00ed es va desenvolupar un respirador de campanya. Va ser un esfor\u00e7 molt significatiu per a l\u2019organitzaci\u00f3, ja que es partia des de la conceptualitzaci\u00f3 i s\u2019ha arribat a la producci\u00f3 en s\u00e8rie en tres setmanes. Aquest fet puntual \u00e9s un exemple de l\u2019agilitat de l\u2019organitzaci\u00f3 davant dels canvis en l\u2019entorn que vivim cont\u00ednuament.<\/p>\n<p>Per altra banda, m\u00e9s enll\u00e0 d\u2019aquesta actuaci\u00f3 singular, que va suposar un esfor\u00e7 enorme de l\u2019equip implicat, Leitat ha acompanyat i continua acompanyant les empreses en el seu proc\u00e9s de desenvolupament tecnol\u00f2gic. La situaci\u00f3 de pand\u00e8mia ha suposat l\u2019aflorament de noves l\u00ednies de treball i l\u2019eclosi\u00f3 d\u2019altres, no sempre relacionades directament en l\u2019\u00e0mbit de la salut, on trobem la rob\u00f2tica, la impressi\u00f3 3D o el desenvolupament de productes qu\u00edmics higienitzants, com a exemples.<\/p>\n<figure id=\"attachment_4884\" aria-describedby=\"caption-attachment-4884\" style=\"width: 2560px\" class=\"wp-caption aligncenter\"><img decoding=\"async\" loading=\"lazy\" class=\"wp-image-4884 size-full\" src=\"http:\/\/cimti.cat\/wp-content\/uploads\/2022\/03\/respirador10-v2-scaled.jpg\" alt=\"\" width=\"2560\" height=\"1832\" srcset=\"https:\/\/cimti.cat\/wp-content\/uploads\/2022\/03\/respirador10-v2-scaled.jpg 2560w, https:\/\/cimti.cat\/wp-content\/uploads\/2022\/03\/respirador10-v2-300x215.jpg 300w, https:\/\/cimti.cat\/wp-content\/uploads\/2022\/03\/respirador10-v2-1024x733.jpg 1024w, https:\/\/cimti.cat\/wp-content\/uploads\/2022\/03\/respirador10-v2-768x550.jpg 768w, https:\/\/cimti.cat\/wp-content\/uploads\/2022\/03\/respirador10-v2-1536x1099.jpg 1536w, https:\/\/cimti.cat\/wp-content\/uploads\/2022\/03\/respirador10-v2-2048x1466.jpg 2048w\" sizes=\"(max-width: 2560px) 100vw, 2560px\" \/><figcaption id=\"caption-attachment-4884\" class=\"wp-caption-text\"><em>Respirador de campanya desenvolupat a l&#8217;inici de la pand\u00e8mia<\/em><\/figcaption><\/figure>\n<p><strong>Ens pots explicar un cas d\u2019\u00e8xit de Leitat en l\u2019\u00e0mbit de la salut? <\/strong><\/p>\n<p>L\u2019\u00e8xit m\u00e9s gran de Leitat en aquest \u00e0mbit ha estat la capacitat de treballar conjuntament amb empreses, emprenedors i, alhora, amb hospitals i sistema p\u00fablic de salut per desenvolupar solucions basades en tecnologies que permetin millores en el mateix sistema. El propi CIMTI en podria ser un exemple ben paradigm\u00e0tic de cas d\u2019\u00e8xit en l\u2019\u00e0mbit salut.<\/p>\n<p>El CIMTI est\u00e0 impulsat per la Fundaci\u00f3n Leitat, amb el suport del Departament de Salut de la Generalitat de Catalunya i l\u2019Ag\u00e8ncia de Qualitat i Avaluaci\u00f3 Sanit\u00e0ries (AQuAS). El CIMTI impulsa projectes innovadors en l\u2019\u00e0mbit dels dispositius m\u00e8dic-tecnol\u00f2gics, diagn\u00f2stic i salut digital per tal que les innovacions d\u2019alt impacte arribin al sistema i se\u2019n pugui beneficiar la ciutadania. El CIMTI dona suport als projectes tant en l\u2019etapa de maduraci\u00f3 com d\u2019implementaci\u00f3, a partir d\u2019una metodologia pr\u00f2pia que ha estat adaptada del <em>Healthcare Innovation Cycle<\/em> del CIMIT de Boston. En aquest proc\u00e9s, el CIMTI ofereix assessorament en les \u00e0rees de negoci, mercat, compra p\u00fablica d\u2019innovaci\u00f3, regulaci\u00f3, cl\u00ednica, tecnologia, inversi\u00f3 i comunicaci\u00f3.<\/p>\n<p><strong>Si haguessis de fer una recomanaci\u00f3 als innovadors o emprenedors, quina seria? <\/strong><\/p>\n<p>Innovaci\u00f3 i emprenedoria s\u00f3n actituds i posicionaments molt valents. La consci\u00e8ncia de formar part d\u2019un ecosistema innovador, on trobaran actors i agents disposats a acompanyar-los, pot ser molt \u00fatil per anar avan\u00e7ant etapes amb \u00e8xit.<\/p>\n","protected":false},"excerpt":{"rendered":"<p>Sergi Artigas \u00e9s el director d\u2019Estrat\u00e8gia en Innovaci\u00f3 de Leitat Technological Center. \u00c9s enginyer industrial per la Universitat Polit\u00e8cnica de Catalunya (UPC), t\u00e9 un MBA Internacional per l\u2019Euncet Business School i \u00e9s doctorand, tamb\u00e9 per la UPC. Artigas, qui, recentment, ha estat nomenat com a nou president del Club Cecot d\u2019Innovaci\u00f3 i Tecnologia, compta amb [&hellip;]<\/p>\n","protected":false},"author":4,"featured_media":4883,"comment_status":"closed","ping_status":"closed","sticky":false,"template":"","format":"standard","meta":[],"categories":[13],"tags":[],"acf":[],"_links":{"self":[{"href":"https:\/\/cimti.cat\/ca\/wp-json\/wp\/v2\/posts\/4882"}],"collection":[{"href":"https:\/\/cimti.cat\/ca\/wp-json\/wp\/v2\/posts"}],"about":[{"href":"https:\/\/cimti.cat\/ca\/wp-json\/wp\/v2\/types\/post"}],"author":[{"embeddable":true,"href":"https:\/\/cimti.cat\/ca\/wp-json\/wp\/v2\/users\/4"}],"replies":[{"embeddable":true,"href":"https:\/\/cimti.cat\/ca\/wp-json\/wp\/v2\/comments?post=4882"}],"version-history":[{"count":2,"href":"https:\/\/cimti.cat\/ca\/wp-json\/wp\/v2\/posts\/4882\/revisions"}],"predecessor-version":[{"id":4886,"href":"https:\/\/cimti.cat\/ca\/wp-json\/wp\/v2\/posts\/4882\/revisions\/4886"}],"wp:featuredmedia":[{"embeddable":true,"href":"https:\/\/cimti.cat\/ca\/wp-json\/wp\/v2\/media\/4883"}],"wp:attachment":[{"href":"https:\/\/cimti.cat\/ca\/wp-json\/wp\/v2\/media?parent=4882"}],"wp:term":[{"taxonomy":"category","embeddable":true,"href":"https:\/\/cimti.cat\/ca\/wp-json\/wp\/v2\/categories?post=4882"},{"taxonomy":"post_tag","embeddable":true,"href":"https:\/\/cimti.cat\/ca\/wp-json\/wp\/v2\/tags?post=4882"}],"curies":[{"name":"wp","href":"https:\/\/api.w.org\/{rel}","templated":true}]}}