
{"id":3459,"date":"2020-07-28T08:13:22","date_gmt":"2020-07-28T08:13:22","guid":{"rendered":"http:\/\/cimti.cat\/ca\/?p=3459"},"modified":"2023-05-29T12:12:25","modified_gmt":"2023-05-29T12:12:25","slug":"acasa-projecte-crida-repte-cimti-2019","status":"publish","type":"post","link":"https:\/\/cimti.cat\/ca\/acasa-projecte-crida-repte-cimti-2019\/","title":{"rendered":"ACASA &#8211; Projecte Crida Repte CIMTI 2019"},"content":{"rendered":"<p><img decoding=\"async\" loading=\"lazy\" class=\"alignnone wp-image-3489\" src=\"http:\/\/cimti.cat\/wp-content\/uploads\/2020\/07\/logo-qida.png\" alt=\"\" width=\"128\" height=\"67\" \/><\/p>\n<p><strong>ACASA<\/strong> \u00e9s un projecte d\u2019innovaci\u00f3 enfocat a provar el cost-efectivitat d\u2019un nou model proactiu, intel\u00b7ligent i intensiu d\u2019atenci\u00f3 domicili\u00e0ria integrada social i sanit\u00e0ria; millorar l\u2019experi\u00e8ncia i la satisfacci\u00f3 dels usuaris i les fam\u00edlies aix\u00ed com dels professionals i cuidadors\/es prestant un suport personalitzat, i millorar els resultats en salut i benestar dels pacients amb altes necessitats a nivell social de salut.<\/p>\n<p>El projecte est\u00e0 liderat per Qida amb la col\u00b7laboraci\u00f3 d\u2019Amalfi, Tunstall, Hospital Universitari Vall d\u2019Hebron, Hospital Joan XXIII, CAPs de Tarragona i Girona, EBA Vallcarca-Sant Gervasi, EBA Centelles, Parc Sanitari Pere Virgili, Ajuntament de Tarragona, Gesti\u00f3 i Prestaci\u00f3 de Serveis de Salut (GiPPS), Hospital d\u2019Olot i Consorci d\u2019Acci\u00f3 Social de la Garrotxa.<\/p>\n","protected":false},"excerpt":{"rendered":"<p>ACASA \u00e9s un projecte d\u2019innovaci\u00f3 enfocat a provar el cost-efectivitat d\u2019un nou model proactiu, intel\u00b7ligent i intensiu d\u2019atenci\u00f3 domicili\u00e0ria integrada social i sanit\u00e0ria; millorar l\u2019experi\u00e8ncia i la satisfacci\u00f3 dels usuaris i les fam\u00edlies aix\u00ed com dels professionals i cuidadors\/es prestant un suport personalitzat, i millorar els resultats en salut i benestar dels pacients amb altes [&hellip;]<\/p>\n","protected":false},"author":4,"featured_media":0,"comment_status":"closed","ping_status":"closed","sticky":false,"template":"","format":"standard","meta":[],"categories":[12],"tags":[],"acf":[],"_links":{"self":[{"href":"https:\/\/cimti.cat\/ca\/wp-json\/wp\/v2\/posts\/3459"}],"collection":[{"href":"https:\/\/cimti.cat\/ca\/wp-json\/wp\/v2\/posts"}],"about":[{"href":"https:\/\/cimti.cat\/ca\/wp-json\/wp\/v2\/types\/post"}],"author":[{"embeddable":true,"href":"https:\/\/cimti.cat\/ca\/wp-json\/wp\/v2\/users\/4"}],"replies":[{"embeddable":true,"href":"https:\/\/cimti.cat\/ca\/wp-json\/wp\/v2\/comments?post=3459"}],"version-history":[{"count":1,"href":"https:\/\/cimti.cat\/ca\/wp-json\/wp\/v2\/posts\/3459\/revisions"}],"predecessor-version":[{"id":5736,"href":"https:\/\/cimti.cat\/ca\/wp-json\/wp\/v2\/posts\/3459\/revisions\/5736"}],"wp:attachment":[{"href":"https:\/\/cimti.cat\/ca\/wp-json\/wp\/v2\/media?parent=3459"}],"wp:term":[{"taxonomy":"category","embeddable":true,"href":"https:\/\/cimti.cat\/ca\/wp-json\/wp\/v2\/categories?post=3459"},{"taxonomy":"post_tag","embeddable":true,"href":"https:\/\/cimti.cat\/ca\/wp-json\/wp\/v2\/tags?post=3459"}],"curies":[{"name":"wp","href":"https:\/\/api.w.org\/{rel}","templated":true}]}}