
{"id":3362,"date":"2020-07-09T06:36:44","date_gmt":"2020-07-09T06:36:44","guid":{"rendered":"http:\/\/cimti.cat\/ca\/?p=3362"},"modified":"2023-05-29T12:12:44","modified_gmt":"2023-05-29T12:12:44","slug":"la-startup-catalana-que-ayuda-a-andar-a-las-personas-con-movilidad-muy-reducida","status":"publish","type":"post","link":"https:\/\/cimti.cat\/ca\/la-startup-catalana-que-ayuda-a-andar-a-las-personas-con-movilidad-muy-reducida\/","title":{"rendered":"La startup catalana que ayuda a andar a las personas con movilidad muy reducida"},"content":{"rendered":"<p><strong>Estefania Oliver<\/strong>, 08.07.2020 (<em>Cr\u00f3nica<\/em>)<\/p>\n<h3 class=\"news_ext_subtitle\">Able Human Motion ha creado un exoesqueleto que podr\u00eda llegar a hospitales y cl\u00ednicas el pr\u00f3ximo a\u00f1o<\/h3>\n<p>&nbsp;<\/p>\n<p>Para alguien que se siente atado a una<strong>\u00a0silla de ruedas<\/strong>\u00a0para el resto de su vida, poder levantarse y andar, aunque sea con la ayuda de un andador o unas muletas, es un sue\u00f1o hecho realidad. Y eso justo es lo que permite el\u00a0<b>exoesqueleto de Able Human Motion<\/b>.<\/p>\n<p>Esta\u00a0<a title=\"startup catalana\" href=\"https:\/\/www.ablehumanmotion.com\/\" target=\"_blank\" rel=\"nofollow noopener\" data-external=\"1\"><em>startup<\/em>\u00a0catalana<\/a>, creada a finales de 2018, cuenta ya con un equipo de m\u00e1s de 10\u00a0personas y ha creado, en total,\u00a0<strong>cinco prototipos<\/strong>\u00a0de este dispositivo que ayuda a la gente a andar. Con tan solo medio a\u00f1o de vida, la compa\u00f1\u00eda fundada por\u00a0<strong>Josep Mar\u00eda Font, Alfons Carnicero y Alex Garc\u00eda<\/strong>\u00a0consigui\u00f3 cerrar su primera ronda de inversi\u00f3n por valor de 700.000 euros. De hecho, desde su creaci\u00f3n, la firma ha conseguido m\u00e1s de dos millones de euros, entre capital privado y ayudas p\u00fablicas.<\/p>\n<h3>Una experiencia personal<\/h3>\n<p>\u201cMi padre ha sufrido dos ictus y como consecuencia de ello perdi\u00f3 durante unos meses la movilidad. No pod\u00eda hablar, ni escribir y tampoco caminar. Por ello, en parte, decid\u00ed unirme al proyecto de Able Human Motion\u201d, explica Carnicero a\u00a0<b>Cr\u00f3nica Globa<\/b>l.<\/p>\n<p>El exoesqueleto de Able Human Motion\u00a0<strong>se coloca en las piernas<\/strong>\u00a0de las personas que no pueden andar y no s\u00f3lo permite que se mantengan en pie, sino que les\u00a0<strong>ayuda a moverse y desplazarse<\/strong>. \u201cOfrece a la persona una mayor autonom\u00eda e independencia\u201d, detalla Carnicero.<\/p>\n<h3>Motores y sensores<\/h3>\n<p>Los motores que incluye este dispositivo \u201chacen de m\u00fasculo\u201d y gracias a los sensores que lleva incorporados es posible detectar la intenci\u00f3n del usuario y saber cu\u00e1ndo quiere moverse. \u201c<strong>Los usuarios se lo pueden colocar ellos mismos<\/strong>\u00a0sin necesidad de ayuda externa. Adem\u00e1s, en algunas personas hemos realizado\u00a0<strong>sesiones de hasta cuatro horas andando<\/strong>\u00a0con el exoesqueleto\u201d, subraya uno de los fundadores de Able Human Motion. El producto definitivo que ha creado esta compa\u00f1\u00eda, tras pulir los anteriores prototipos, se probar\u00e1 a partir de octubre con una treintena de personas repartidas entre el Hospital\u00a0Heidelberg de<strong>\u00a0Alemania<\/strong>\u00a0y en el\u00a0<strong><a title=\"El Institut Guttmann aplicar\u00e1 en 30 pacientes la estimulaci\u00f3n que permite andar a tres parapl\u00e9jicos\" href=\"https:\/\/cronicaglobal.elespanol.com\/vida\/institut-guttmann-estimulacion-andar-paraplejicos_169484_102.html\" target=\"_self\" rel=\"follow noopener\" data-external=\"0\" data-intl-links-es=\"https:\/\/cronicaglobal.elespanol.com\/vida\/institut-guttmann-estimulacion-andar-paraplejicos_169484_102.html\">Institut Guttmann<\/a><\/strong>\u00a0de\u00a0<strong>Barcelona<\/strong>.<\/p>\n<p>\u201cLa \u00faltima versi\u00f3n se ajusta a todo tipo de paciente y es modular, pudi\u00e9ndose separar en cinco m\u00f3dulos para transportarlo m\u00e1s f\u00e1cilmente. Asimismo, funciona con una\u00a0<strong>app m\u00f3vil<\/strong>\u00a0para que el m\u00e9dico pueda ver y comprobar la evoluci\u00f3n de cada usuario\u201d, matiza Carnicero. La base tecnol\u00f3gica de este exoesqueleto es, principalmente, la\u00a0<strong>rob\u00f3tica<\/strong>, pero tambi\u00e9n cuenta con componentes de\u00a0<strong><em>machine learning<\/em><\/strong>\u00a0para que el dispositivo se ajuste mejor al modo de caminar de cada persona.<\/p>\n<div class=\"article-image-wrapper\" data-ck-asset-wrapper=\"\">\n<div class=\"article-image-img\"><img decoding=\"async\" loading=\"lazy\" class=\"loading\" title=\"El equipo de Able Human Motion \/ KIM MANRESA\" src=\"https:\/\/cronicaglobal.elespanol.com\/uploads\/s1\/10\/03\/01\/76\/able-human-motion-04_10_670x355.jpeg\" alt=\"El equipo de Able Human Motion \/ KIM MANRESA\" width=\"670\" height=\"355\" data-id=\"null\" data-resize=\"null\" data-was-processed=\"true\" \/><\/div>\n<div class=\"article-image-title\">El equipo de Able\u00a0Human Motion \/ KIM MANRESA<\/div>\n<\/div>\n<h3>Menos coste y m\u00e1s ligereza<\/h3>\n<p>\u201cLo que pretendemos tambi\u00e9n con nuestro\u00a0aparato es bajar\u00a0el coste de este tipo de soluciones, as\u00ed como su peso para que se ajuste a unos nueve o diez kilos. Nuestra idea es que el precio final quede por debajo de los 50.000 euros, una cifra que supone la mitad o la tercera parte de lo que cuestan otros dispositivos que hay en el mercado\u201d, asegura Carnicero.<\/p>\n<p>Una vez que esta<em>\u00a0startup\u00a0<\/em>certifique que su soluci\u00f3n es segura y eficaz, el siguiente paso ser\u00e1 comercializar y\u00a0<strong>ver este\u00a0exoesqueleto en varios hospitales a finales de 2021<\/strong>\u00a0o principios de 2022. \u201cAlgunos hospitales en Espa\u00f1a, Europa y Estados Unidos ya han mostrado su inter\u00e9s\u201d, explica la compa\u00f1\u00eda.<\/p>\n<h3>Nueva ronda de financiaci\u00f3n de cinco millones<\/h3>\n<p>Able Human Motion no quiere limitar el acceso de su producto a los centros y hospitales, sino que tambi\u00e9n pretende, alg\u00fan d\u00eda, que llegue a todos los particulares y usuarios que lo necesiten con un coste todav\u00eda m\u00e1s ajustado y asequible.<\/p>\n<p>Para cumplir con esos objetivos, sin embargo, la compa\u00f1\u00eda\u00a0necesita m\u00e1s fondos. Por ello, esta\u00a0<em>startup<\/em>\u00a0arrancar\u00e1 una\u00a0<strong>nueva ronda de financiaci\u00f3n<\/strong>\u00a0en septiembre con la que pretende alcanzar los\u00a0<strong>cinco millones<\/strong>\u00a0de euros. \u201cEl\u00a0<strong>Covid-19<\/strong>\u00a0ha frenado muchas inversiones y, por ese motivo, no hemos intentado levantar este capital antes. Pero, ahora,\u00a0el sector sanitario ha sido uno de los que ha salido m\u00e1s reforzados. De hecho, algunos inversores que entraron en la primera ronda quieren volver a apostar por nosotros\u201d, concluye Carnicero.<\/p>\n<div class=\"article-image-wrapper\" data-ck-asset-wrapper=\"\">\n<div class=\"article-image-img\"><img decoding=\"async\" loading=\"lazy\" class=\"loading\" title=\"El exoesqueleto de Able Human Motion \/ KIM MANRESA\" src=\"https:\/\/cronicaglobal.elespanol.com\/uploads\/s1\/10\/03\/02\/54\/able-human-motion-03_10_670x355.jpeg\" alt=\"El exoesqueleto de Able Human Motion \/ KIM MANRESA\" width=\"670\" height=\"355\" data-id=\"null\" data-resize=\"null\" data-was-processed=\"true\" \/><\/div>\n<div class=\"article-image-title\">El exoesqueleto de Able\u00a0Human Motion \/ KIM MANRESA<\/div>\n<\/div>\n<p>&nbsp;<\/p>","protected":false},"excerpt":{"rendered":"<p>Estefania Oliver, 08.07.2020 (Cr\u00f3nica) Able Human Motion ha creado un exoesqueleto que podr\u00eda llegar a hospitales y cl\u00ednicas el pr\u00f3ximo a\u00f1o &nbsp; Para alguien que se siente atado a una\u00a0silla de ruedas\u00a0para el resto de su vida, poder levantarse y andar, aunque sea con la ayuda de un andador o unas muletas, es un sue\u00f1o [&hellip;]<\/p>\n","protected":false},"author":4,"featured_media":0,"comment_status":"closed","ping_status":"closed","sticky":false,"template":"","format":"standard","meta":[],"categories":[5],"tags":[],"acf":[],"_links":{"self":[{"href":"https:\/\/cimti.cat\/ca\/wp-json\/wp\/v2\/posts\/3362"}],"collection":[{"href":"https:\/\/cimti.cat\/ca\/wp-json\/wp\/v2\/posts"}],"about":[{"href":"https:\/\/cimti.cat\/ca\/wp-json\/wp\/v2\/types\/post"}],"author":[{"embeddable":true,"href":"https:\/\/cimti.cat\/ca\/wp-json\/wp\/v2\/users\/4"}],"replies":[{"embeddable":true,"href":"https:\/\/cimti.cat\/ca\/wp-json\/wp\/v2\/comments?post=3362"}],"version-history":[{"count":1,"href":"https:\/\/cimti.cat\/ca\/wp-json\/wp\/v2\/posts\/3362\/revisions"}],"predecessor-version":[{"id":5741,"href":"https:\/\/cimti.cat\/ca\/wp-json\/wp\/v2\/posts\/3362\/revisions\/5741"}],"wp:attachment":[{"href":"https:\/\/cimti.cat\/ca\/wp-json\/wp\/v2\/media?parent=3362"}],"wp:term":[{"taxonomy":"category","embeddable":true,"href":"https:\/\/cimti.cat\/ca\/wp-json\/wp\/v2\/categories?post=3362"},{"taxonomy":"post_tag","embeddable":true,"href":"https:\/\/cimti.cat\/ca\/wp-json\/wp\/v2\/tags?post=3362"}],"curies":[{"name":"wp","href":"https:\/\/api.w.org\/{rel}","templated":true}]}}