
{"id":1901,"date":"2019-01-17T12:37:47","date_gmt":"2019-01-17T12:37:47","guid":{"rendered":"http:\/\/cimti.cat\/ca\/?p=1901"},"modified":"2023-05-29T12:13:39","modified_gmt":"2023-05-29T12:13:39","slug":"boston-ja-es-a-catalunya","status":"publish","type":"post","link":"https:\/\/cimti.cat\/ca\/boston-ja-es-a-catalunya\/","title":{"rendered":"Boston ja \u00e9s a Catalunya"},"content":{"rendered":"<p><\/p>\n<div class=\"row\">\n<div class=\"col-xs-12 col-sm-12 col-sm2-12 col-md-8 columna-esquerra\">\n<div class=\"galeria\">\n<div class=\"multimedia top una-foto\">\n<div class=\"slick-list draggable\" tabindex=\"0\">\n<div class=\"slick-track\">\n<ul>\n<li class=\"ver v34 v916 s800-1246 slick-slide slick-active\"><a class=\"bxslider-lightbox\" title=\"\" href=\"https:\/\/imatges.elpunt.net\/imatges\/57\/78\/alta\/780_0008_5778405_f66d10d398a7df6586f5fd651ad3b9ee.jpg\" rel=\"grupfotos\" data-photo=\"true\" data-slideshow=\"true\" data-slideshow-auto=\"false\" data-slideshow-start=\"\" data-slideshow-stop=\"\" data-current=\"{current}\/{total}\" data-scale-photos=\"true\" data-max-height=\"90%\" data-max-width=\"90%\" data-rel=\"lightbox-image-0\" data-rl_title=\"\" data-rl_caption=\"\"><img decoding=\"async\" loading=\"lazy\" class=\"\" title=\"El robot \u2018Leonardo\u2019 per operar, a la Vall d\u2019Hebron EL PUNT AVUI.\" src=\"https:\/\/imatges.elpunt.net\/imatges\/57\/78\/alta\/780_0008_5778405_f66d10d398a7df6586f5fd651ad3b9ee.jpg\" width=\"388\" height=\"605\" data-width=\"800\" data-height=\"1246\" data-gallery-source=\"https:\/\/imatges.elpunt.net\/imatges\/57\/78\/alta\/780_0008_5778405_f66d10d398a7df6586f5fd651ad3b9ee.jpg\" \/><\/a>\n<div class=\"caption\">El robot \u2018Leonardo\u2019 per operar, a la Vall d\u2019Hebron EL PUNT AVUI.<\/div>\n<\/li>\n<\/ul>\n<\/div>\n<\/div>\n<\/div>\n<\/div>\n<div class=\"article-datacio\">\n<div class=\"article-meta\"><span class=\"createby\">MANEL BALCELLS<\/span>\u00a0<span class=\"sep\">&#8211;<\/span>\u00a0<span class=\"datacio\">DIRECTOR DEL CIMTI I COMISSIONAT DE SALUT DE LEITAT<\/span><\/div>\n<\/div>\n<div id=\"article-content\" class=\"article-content hyphenate\">\n<p>Sovint s\u2019ha com\u00adpa\u00adrat Bar\u00adce\u00adlona amb Bos\u00adton i fins i tot hem sen\u00adtit dir que Cata\u00adlu\u00adnya podria arri\u00adbar a ser la Mas\u00adsac\u00adhu\u00adsetts d\u2019Europa. Hem ima\u00adgi\u00adnat una soci\u00ade\u00adtat pr\u00f2spera, amb una alta con\u00adcen\u00adtraci\u00f3 d\u2019enti\u00adtats de pres\u00adtigi acad\u00e8mic de pri\u00admer nivell i amb una capa\u00adci\u00adtat d\u2019empre\u00adne\u00addo\u00adria enve\u00adja\u00adble arreu del Vell Con\u00adti\u00adnent.<\/p>\n<div id=\"hybs-mslot-9284fe8f-0\" class=\"hybs-mslot\"><\/div>\n<p>No \u00e9s f\u00e0cil dis\u00adpo\u00adsar d\u2019entorns tan pro\u00adduc\u00adtius i engres\u00adca\u00addors. En qual\u00adse\u00advol cas, per\u00f2, si hi ha cap \u00e0rea de conei\u00adxe\u00adment en qu\u00e8 Cata\u00adlu\u00adnya es pugui ins\u00adpi\u00adrar i emmi\u00adra\u00adllar m\u00ednima\u00adment en Bos\u00adton, \u00e9s la bio\u00adme\u00addi\u00adcina, la bio\u00adtec\u00adno\u00adlo\u00adgia i les tec\u00adno\u00adlo\u00adgies m\u00e8diques, \u00e9s a dir, les ci\u00e8ncies de la vida.<\/p>\n<div id=\"hybs-mslot-9284fe8f-1\" class=\"hybs-mslot\"><\/div>\n<p>El nos\u00adtre eco\u00adsis\u00adtema \u00e9s ric i molt pro\u00adduc\u00adtiu en ter\u00admes de recerca i, alhora, insu\u00adfi\u00adci\u00adent en ter\u00admes de trans\u00adfor\u00admaci\u00f3 del valor del conei\u00adxe\u00adment en les \u00e0rees de salut. Sobre\u00adtot del que prov\u00e9 del nos\u00adtre sis\u00adtema sani\u00adtari, de les fun\u00adda\u00adci\u00adons de recerca dels hos\u00adpi\u00adtals i dels cen\u00adtres de recerca d\u2019excel\u00b7l\u00e8ncia, vin\u00adcu\u00adlats sobre\u00adtot als cen\u00adtres Cerca.<\/p>\n<div id=\"hybs-mslot-9284fe8f-2\" class=\"hybs-mslot\"><\/div>\n<p>Ja fa temps, doncs, que amb aquesta diagnosi i amb la ini\u00adci\u00ada\u00adtiva de diver\u00adsos agents d\u2019inno\u00advaci\u00f3, el suport del Depar\u00adta\u00adment de Salut de la Gene\u00adra\u00adli\u00adtat de Cata\u00adlu\u00adnya, i a trav\u00e9s de l\u2019Ag\u00e8ncia de Qua\u00adli\u00adtat i Ava\u00adlu\u00adaci\u00f3 Sanit\u00e0ries (Aquas) i el Cen\u00adtre Tec\u00adnol\u00f2gic Lei\u00adtat, es va posar en marxa el Cimti (Cen\u00adtre per a la Inte\u00adgraci\u00f3 de la Medi\u00adcina i les Tec\u00adno\u00adlo\u00adgies Inno\u00adva\u00addo\u00adres). Un pro\u00adjecte real que rei\u00advin\u00addica el conei\u00adxe\u00adment del sis\u00adtema de salut i que ha perm\u00e8s ini\u00adciar el cam\u00ed perqu\u00e8 Cata\u00adlu\u00adnya esde\u00advin\u00adgui un refe\u00adrent en inno\u00advaci\u00f3 en l\u2019\u00e0mbit de la salut al sud d\u2019Europa.<\/p>\n<p>I, de fet, aix\u00f2 ho hem fet pre\u00adci\u00adsa\u00adment a trav\u00e9s del Cimit de Bos\u00adton, un dels cen\u00adtres m\u00e9s pres\u00adti\u00adgi\u00ado\u00adsos de la costa est dels Estats Units, que dona suport, entre d\u2019altres, a l\u2019Hos\u00adpi\u00adtal Gene\u00adral de Mas\u00adsac\u00adhu\u00adsetts, a la Har\u00advard Medi\u00adcal School i al pres\u00adtigi\u00f3s MIT.<\/p>\n<p>Va ser il\u00b7lusi\u00ado\u00adnant que vol\u00adgues\u00adsin col\u00b7labo\u00adrar amb nosal\u00adtres, que som un ins\u00adtru\u00adment al ser\u00advei del sis\u00adtema de salut catal\u00e0. La ra\u00f3 era molt acla\u00adri\u00addora: als Estats Units, l\u2019atenci\u00f3 prim\u00e0ria i soci\u00ado\u00adsa\u00adnit\u00e0ria est\u00e0 molt mal resolta i els nos\u00adtres models inno\u00adva\u00addors s\u00f3n per a ells una gran font d\u2019apre\u00adnen\u00adtatge.<\/p>\n<p>Hem ini\u00adciat una relaci\u00f3 bidi\u00adrec\u00adci\u00ado\u00adnal d\u2019apre\u00adnen\u00adtatge acce\u00adle\u00adrat que ha de fer que, en els pr\u00f2xims anys, les ini\u00adci\u00ada\u00adti\u00adves i els pro\u00adjec\u00adtes de gran impacte social i sani\u00adtari tin\u00adguin la reper\u00adcussi\u00f3 glo\u00adbal que el m\u00f3n avui per\u00admet.<\/p>\n<p>Aquests dies podrem fer un tast del poten\u00adcial que tenim i que ofe\u00adrim en el sal\u00f3 Healt\u00adhio i en la Bar\u00adce\u00adlona Industry Week, del 16 al 18 d\u2019octu\u00adbre, a la Fira de Bar\u00adce\u00adlona. La inno\u00advaci\u00f3 en salut ja \u00e9s pre\u00adsent i t\u00e9 un gran futur a casa nos\u00adtra fruit de l\u2019esfor\u00e7, l\u2019empre\u00adne\u00addo\u00adria i la pre\u00adpa\u00adraci\u00f3 dels nos\u00adtres pro\u00adfes\u00adsi\u00ado\u00adnals. Si apos\u00adtem deci\u00addi\u00adda\u00adment per aquests ins\u00adtru\u00adments al ser\u00advei dels nos\u00adtres inves\u00adti\u00adga\u00addors, podrem finan\u00e7ar part de la nos\u00adtra recerca amb els seus pro\u00adpis fruits i hau\u00adrem sabut con\u00adver\u00adtir el conei\u00adxe\u00adment en valor social, sani\u00adtari i econ\u00f2mic.<\/p>\n<p><iframe class=\"wp-embedded-content\" sandbox=\"allow-scripts\" security=\"restricted\" src=\"https:\/\/www.elpuntavui.cat\/societat\/article\/14-salut\/1485087-boston-ja-es-a-catalunya.html?utm_medium=oembed&#038;utm_source=www.elpuntavui.cat&#038;utm_campaign=oembed&#038;layout=oembed&#038;tmpl=oembed#?secret=Oe7wwodiT9\" data-secret=\"Oe7wwodiT9\" height=\"auto\" frameborder=\"0\"><\/iframe><\/p>\n<\/div>\n<\/div>\n<\/div>\n<p><\/p>","protected":false},"excerpt":{"rendered":"<p>El robot \u2018Leonardo\u2019 per operar, a la Vall d\u2019Hebron EL PUNT AVUI. MANEL BALCELLS\u00a0&#8211;\u00a0DIRECTOR DEL CIMTI I COMISSIONAT DE SALUT DE LEITAT Sovint s\u2019ha com\u00adpa\u00adrat Bar\u00adce\u00adlona amb Bos\u00adton i fins i tot hem sen\u00adtit dir que Cata\u00adlu\u00adnya podria arri\u00adbar a ser la Mas\u00adsac\u00adhu\u00adsetts d\u2019Europa. Hem ima\u00adgi\u00adnat una soci\u00ade\u00adtat pr\u00f2spera, amb una alta con\u00adcen\u00adtraci\u00f3 d\u2019enti\u00adtats de [&hellip;]<\/p>\n","protected":false},"author":4,"featured_media":0,"comment_status":"closed","ping_status":"closed","sticky":false,"template":"","format":"standard","meta":[],"categories":[5],"tags":[],"acf":[],"_links":{"self":[{"href":"https:\/\/cimti.cat\/ca\/wp-json\/wp\/v2\/posts\/1901"}],"collection":[{"href":"https:\/\/cimti.cat\/ca\/wp-json\/wp\/v2\/posts"}],"about":[{"href":"https:\/\/cimti.cat\/ca\/wp-json\/wp\/v2\/types\/post"}],"author":[{"embeddable":true,"href":"https:\/\/cimti.cat\/ca\/wp-json\/wp\/v2\/users\/4"}],"replies":[{"embeddable":true,"href":"https:\/\/cimti.cat\/ca\/wp-json\/wp\/v2\/comments?post=1901"}],"version-history":[{"count":1,"href":"https:\/\/cimti.cat\/ca\/wp-json\/wp\/v2\/posts\/1901\/revisions"}],"predecessor-version":[{"id":5781,"href":"https:\/\/cimti.cat\/ca\/wp-json\/wp\/v2\/posts\/1901\/revisions\/5781"}],"wp:attachment":[{"href":"https:\/\/cimti.cat\/ca\/wp-json\/wp\/v2\/media?parent=1901"}],"wp:term":[{"taxonomy":"category","embeddable":true,"href":"https:\/\/cimti.cat\/ca\/wp-json\/wp\/v2\/categories?post=1901"},{"taxonomy":"post_tag","embeddable":true,"href":"https:\/\/cimti.cat\/ca\/wp-json\/wp\/v2\/tags?post=1901"}],"curies":[{"name":"wp","href":"https:\/\/api.w.org\/{rel}","templated":true}]}}