
{"id":1882,"date":"2019-01-17T11:57:50","date_gmt":"2019-01-17T11:57:50","guid":{"rendered":"http:\/\/cimti.cat\/ca\/?p=1882"},"modified":"2023-05-29T12:13:54","modified_gmt":"2023-05-29T12:13:54","slug":"better-care-no-deixa-escapar-cap-dada-medica","status":"publish","type":"post","link":"https:\/\/cimti.cat\/ca\/better-care-no-deixa-escapar-cap-dada-medica\/","title":{"rendered":"Better Care no deixa escapar cap dada m\u00e8dica"},"content":{"rendered":"<p><\/p>\n<div class=\"body\">\n<div class=\"container\">\n<article id=\"article-complet\" class=\"article article- article-access-7 ecoempreses vd\">\n<div class=\"row\">\n<div class=\"col-xs-12 col-sm-10 col-sm-push-1 article-content\">\n<header>\n<h3 class=\"subtitol\">La plataforma integra i relaciona els senyals procedents d\u2019aparells m\u00e8dics connectats als pacient Harmonitza diferents llenguatges inform\u00e0tics<\/h3>\n<div class=\"row\">\n<div class=\"col-xs-12 col-sm-12 col-sm2-12 col-md-8 columna-esquerra\">\n<div class=\"galeria\">\n<div class=\"multimedia top una-foto\">\n<div class=\"slick-list draggable\" tabindex=\"0\">\n<div class=\"slick-track\">\n<ul>\n<li class=\"hor h34 h916 s800-409 slick-slide slick-active\"><a class=\"bxslider-lightbox\" title=\"\" href=\"https:\/\/imatges.elpunt.net\/imatges\/58\/02\/alta\/780_0008_5802074_341ac044d409f927fa318826ed5b9f8b.jpg\" rel=\"grupfotos\" data-photo=\"true\" data-slideshow=\"true\" data-slideshow-auto=\"false\" data-slideshow-start=\"\" data-slideshow-stop=\"\" data-current=\"{current}\/{total}\" data-scale-photos=\"true\" data-max-height=\"90%\" data-max-width=\"90%\" data-rel=\"lightbox-image-0\" data-rl_title=\"\" data-rl_caption=\"\"><img decoding=\"async\" title=\"Cinc dels sis fundadors de Better Care, a la seva seu, a Sabadell. Asseguts, Llu\u00eds Blanch (esquerra), president, i Bernat Sales, CEO. ORIOL DURAN.\" src=\"https:\/\/imatges.elpunt.net\/imatges\/58\/02\/alta\/780_0008_5802074_341ac044d409f927fa318826ed5b9f8b.jpg\" data-width=\"800\" data-height=\"409\" data-gallery-source=\"https:\/\/imatges.elpunt.net\/imatges\/58\/02\/alta\/780_0008_5802074_341ac044d409f927fa318826ed5b9f8b.jpg\" \/><\/a>\n<div class=\"caption\">Cinc dels sis fundadors de Better Care, a la seva seu, a Sabadell. Asseguts, Llu\u00eds Blanch (esquerra), president, i Bernat Sales, CEO. ORIOL DURAN.<\/div>\n<\/li>\n<\/ul>\n<\/div>\n<\/div>\n<\/div>\n<\/div>\n<div class=\"article-datacio\">\n<div class=\"article-meta\"><span class=\"createby\">M. SARD\u00c0<\/span>\u00a0<span class=\"sep\">&#8211;<\/span>\u00a0<span class=\"datacio\">SABADELL<\/span><\/div>\n<\/div>\n<div id=\"article-content\" class=\"article-content hyphenate\">\n<p>La tecnologia aplicada a la salut i les necessitats cl\u00edniques dels professionals per millorar el tractament del pacient \u00e9s l\u2019objectiu de la innovaci\u00f3 desenvolupada per Better Care, una empresa emergent que va n\u00e9ixer el 2010 en l\u2019ecosistema de Corporaci\u00f3 Sanit\u00e0ria Parc Taul\u00ed de Sabadell. Quatre anys van transc\u00f3rrer fins que l\u2019empresa vallesana va disposar del primer prototip del producte que ara posa en el mercat, BC Link, la primera plataforma en el m\u00f3n de connectivitat i interoperabilitat entre aparells m\u00e8dics connectats a malalts cr\u00edtics.<\/p>\n<p>\u201cDe fet, tot va comen\u00e7ar fa deu anys, per una necessitat cl\u00ednica\u201d, comenta Llu\u00eds Blanch, president de l\u2019empresa, metge de cures intensives al Parc Taul\u00ed i tamb\u00e9 director d\u2019investigaci\u00f3 i innovaci\u00f3 a l\u2019I3PT del mateix centre. \u201cEls malalts greus, sigui quin sigui el seu motiu d\u2019ingr\u00e9s hospitalari, estan rodejats d\u2019aparells que indiquen de manera permanent les seves constants vitals, unes dades d\u2019extrema import\u00e0ncia per determinar el tractament que fins ara es perdien si no estaves als peus del llit, anotant-les. A m\u00e9s, sovint es produeixen canvis sobtats en aquestes constants, en q\u00fcesti\u00f3 de segons, que cal tenir controlats\u201d, explica Blanch.<\/p>\n<div id=\"divVideoStepAdTop\" class=\"divVideoStep\"><\/div>\n<div class=\"format10\">\n<p>Un gran repte.<\/p>\n<\/div>\n<div class=\"format11\">\n<p>Despr\u00e9s d\u2019estar un temps als Estats Units i el Canad\u00e0, Blanch va plantejar el gran repte a Bernat Sales, enginyer inform\u00e0tic i CEO de la companyia: la necessitat de poder disposar de totes les dades, la seva integraci\u00f3 i interoperabilitat. La principal dificultat radicava a unificar la ingent informaci\u00f3 que prov\u00e9 d\u2019aparells de diferents fabricants, que utilitzen llenguatges inform\u00e0tics diversos, no compatibles entre si. \u201cHav\u00edem de crear una plataforma que unifiqu\u00e9s totes aquestes dades, bilions de senyals, les emmagatzem\u00e9s i les interpret\u00e9s a trav\u00e9s d\u2019algoritmes intel\u00b7ligents, i que ens fos possible consultar-les en qualsevol moment, des de qualsevol lloc i dispositiu. I ho hem aconseguit\u201d, afirma.Blanch i Sales, juntament amb Jaume Montany\u00e0, tamb\u00e9 enginyer inform\u00e0tic i cap d\u2019R+D de l\u2019empresa; Gaston Murias, metge de cures intensives a l\u2019hospital Brit\u00e0nic de Buenos Aires i assessor cient\u00edfic de Better Care, i Gl\u00f2ria Palomar, economista, van fundar la companyia i es van posar a treballar en el desenvolupament de BC Link i dels algoritmes que permetrien als professionals fer diagn\u00f2stics m\u00e9s acurats de cada pacient. En l\u2019equip fundador, s\u2019hi van afegir Josepa Blanch, com a assessora financera; Umberto Lucangelo, anestesi\u00f2leg, com a assessor cient\u00edfic, i Antonio S\u00e1nchez-Cordero, com a assessor s\u00e8nior.<\/p>\n<p>\u201cLa plataforma, accessible a trav\u00e9s d\u2019un web, ens diu tot all\u00f2 que est\u00e0 passant en temps real. Hem estat capa\u00e7os de crear un algoritme intel\u00b7ligent que integra les dades i les interpreta, que crea alertes per als professionals i que introdueix autom\u00e0ticament tota la informaci\u00f3 en la hist\u00f2ria cl\u00ednica del pacient\u201d, explica Sales, que assegura que \u201cla plataforma \u00e9s \u00fanica en el camp de la salut digital\u201d.<\/p>\n<\/div>\n<div class=\"format10\">\n<p>Tecnologia validada.<\/p>\n<\/div>\n<div class=\"format11\">\n<p>\u201cTreballem amb dades massives, algoritmes,\u00a0<i>machine learning<\/i>\u00a0i, aviat, intel\u00b7lig\u00e8ncia artificial. El nostre programari \u00e9s transparent i gens invasiu. L\u2019integrem en els diferents sistemes d\u2019informaci\u00f3 hospitalaris, de manera que els professionals no han de variar la seva manera de treballar per\u00f2 disposen de tot el que els cal saber de l\u2019evoluci\u00f3 cl\u00ednica dels pacients\u201d, indica Sales, que explica que en els \u00faltims tres anys l\u2019empresa ha concentrat esfor\u00e7os a obtenir les certificacions per a BC Link de l\u2019FDA nord-americana i l\u2019ISO europea.La innovaci\u00f3 m\u00e8dica de Better Cares est\u00e0 validada per diferents centres nacionals i internacionals. A hores d\u2019ara, BC Link est\u00e0 integrada en m\u00faltiples \u00e0mbits dels sistemes d\u2019informaci\u00f3 dels hospitals Cl\u00ednic, la Vall d\u2019Hebron o la Fundaci\u00f3 Althaia, a Manresa. \u201cEstem en diverses unitats hospital\u00e0ries, des de l\u2019UCI fins a reanimaci\u00f3, semiintensius i intensius, i ara entrarem a sales d\u2019operacions al centre Althaia\u201d, explica Blanch.<\/p>\n<p>En l\u2019\u00e0mbit de recerca, treballen amb el Massachusetts General Hospital de Boston, la Universitat de Toronto i centres del Brasil, Fran\u00e7a i Egipte, i obtenen tamb\u00e9 el reconeixement de les principals publicacions m\u00e8diques.<\/p>\n<p>Enguany ser\u00e0 clau per a Better Care i BC Link. Posant a punt l\u2019estructura per abordar el mercat, ja treballen intensament en un model predictiu d\u2019atenci\u00f3 al pacient. En sentirem a parlar.<\/p>\n<p><iframe class=\"wp-embedded-content\" sandbox=\"allow-scripts\" security=\"restricted\" src=\"https:\/\/www.leconomic.cat\/article\/1531506-better-care-no-deixa-escapar-cap-dada-medica.html?utm_medium=oembed&#038;utm_source=www.leconomic.cat&#038;utm_campaign=oembed&#038;layout=oembed&#038;tmpl=oembed#?secret=itJczi5dPt\" data-secret=\"itJczi5dPt\" height=\"auto\" frameborder=\"0\"><\/iframe><\/p>\n<\/div>\n<\/div>\n<\/div>\n<\/div>\n<\/header>\n<\/div>\n<\/div>\n<\/article>\n<\/div>\n<\/div>\n<p><\/p>","protected":false},"excerpt":{"rendered":"<p>La plataforma integra i relaciona els senyals procedents d\u2019aparells m\u00e8dics connectats als pacient Harmonitza diferents llenguatges inform\u00e0tics Cinc dels sis fundadors de Better Care, a la seva seu, a Sabadell. Asseguts, Llu\u00eds Blanch (esquerra), president, i Bernat Sales, CEO. ORIOL DURAN. M. SARD\u00c0\u00a0&#8211;\u00a0SABADELL La tecnologia aplicada a la salut i les necessitats cl\u00edniques dels professionals [&hellip;]<\/p>\n","protected":false},"author":4,"featured_media":0,"comment_status":"closed","ping_status":"closed","sticky":false,"template":"","format":"standard","meta":[],"categories":[5],"tags":[],"acf":[],"_links":{"self":[{"href":"https:\/\/cimti.cat\/ca\/wp-json\/wp\/v2\/posts\/1882"}],"collection":[{"href":"https:\/\/cimti.cat\/ca\/wp-json\/wp\/v2\/posts"}],"about":[{"href":"https:\/\/cimti.cat\/ca\/wp-json\/wp\/v2\/types\/post"}],"author":[{"embeddable":true,"href":"https:\/\/cimti.cat\/ca\/wp-json\/wp\/v2\/users\/4"}],"replies":[{"embeddable":true,"href":"https:\/\/cimti.cat\/ca\/wp-json\/wp\/v2\/comments?post=1882"}],"version-history":[{"count":1,"href":"https:\/\/cimti.cat\/ca\/wp-json\/wp\/v2\/posts\/1882\/revisions"}],"predecessor-version":[{"id":5787,"href":"https:\/\/cimti.cat\/ca\/wp-json\/wp\/v2\/posts\/1882\/revisions\/5787"}],"wp:attachment":[{"href":"https:\/\/cimti.cat\/ca\/wp-json\/wp\/v2\/media?parent=1882"}],"wp:term":[{"taxonomy":"category","embeddable":true,"href":"https:\/\/cimti.cat\/ca\/wp-json\/wp\/v2\/categories?post=1882"},{"taxonomy":"post_tag","embeddable":true,"href":"https:\/\/cimti.cat\/ca\/wp-json\/wp\/v2\/tags?post=1882"}],"curies":[{"name":"wp","href":"https:\/\/api.w.org\/{rel}","templated":true}]}}