
{"id":1878,"date":"2019-01-17T11:51:06","date_gmt":"2019-01-17T11:51:06","guid":{"rendered":"http:\/\/cimti.cat\/ca\/?p=1878"},"modified":"2023-05-29T12:13:55","modified_gmt":"2023-05-29T12:13:55","slug":"es-bonic-veure-que-la-recerca-no-queda-als-articles-sino-que-arriba-a-la-societat","status":"publish","type":"post","link":"https:\/\/cimti.cat\/ca\/es-bonic-veure-que-la-recerca-no-queda-als-articles-sino-que-arriba-a-la-societat\/","title":{"rendered":"\u00ab\u00c9s bonic veure que la recerca no queda als articles, sin\u00f3 que arriba a la societat\u00bb"},"content":{"rendered":"<p><span class=\"autor_sup\">Aida Vilar (Empord\u00e0.Info)\u00a0<\/span><\/p>\n<div class=\"cuerpo_noticia\">\n<div class=\"cuadro_multimedia\">\n<div class=\"foto_desa\"><img decoding=\"async\" class=\"kalooga_14194\" title=\"Mariona Serra, rebent el premi de la m\u00e0 de la consellera de la Presid\u00e8ncia, Elsa Artadi.\" src=\"https:\/\/fotos01.diaridegirona.cat\/2019\/01\/10\/328x206\/bonic-veure.jpg\" alt=\"Mariona Serra, rebent el premi de la m\u00e0 de la consellera de la Presid\u00e8ncia, Elsa Artadi.\" align=\"right\" border=\"0\" \/><\/p>\n<div class=\"bloqueclear_video\">Mariona Serra, que va n\u00e9ixer a Figueres el 1984, \u00e9s una emprenedora bolcada en el m\u00f3n de la investigaci\u00f3. Es va llicenciar en veterin\u00e0ria i va cursar un m\u00e0ster d&#8217;immunologia.<\/div>\n<\/div>\n<\/div>\n<p>Despr\u00e9s va fer un doctorat en farmacologia, entre la Universitat Aut\u00f2noma de Barcelona i el National Institute of Health dels Estats Units, on estar\u00e0 un any. Per potenciar la formaci\u00f3 en q\u00fcesti\u00f3 d&#8217;empresa, tamb\u00e9 va fer el programa de desenvolupament directiu a IESE.<\/p>\n<p>A finals de desembre va ser guardonada amb el premi Fidem 2018 a la innovaci\u00f3. Aquest guard\u00f3 de la Fundaci\u00f3 Internacional de la Dona Emprenedora reconeix la feina ben feta de dones amb projectes emprenedors.<\/p>\n<p>A Mariona Serra li van recon\u00e8ixer el m\u00e8rit de tirar endavant el RAID-CRC, un kit m\u00e8dic que ha desenvolupat a trav\u00e9s de la seva empresa Goodgut i que permet detectar el c\u00e0ncer de colon a trav\u00e9s dels bacteris.<\/p>\n<p>Li va sorprendre rebre&#8217;l?<\/p>\n<p>S\u00ed. De fet no sabia ni que existia. Les mateixes associades de l&#8217;entitat proposen les persones mereixedores del premi, i la decisi\u00f3 final la pren un comit\u00e8 d&#8217;experts. Premien projectes empresarials emprenedors en vuit categories diferents, i el meu va ser d&#8217;innovaci\u00f3.<\/p>\n<p>Qu\u00e8 \u00e9s el RAID-CRC?<\/p>\n<p>\u00c9s un kit que detecta a la femta una signatura bacteriana que \u00e9s espec\u00edfica del c\u00e0ncer colorectal.<\/p>\n<p>Imagino que aquest producte ha sortit despr\u00e9s d&#8217;una llarga investigaci\u00f3. Quan s&#8217;involucra en el m\u00f3n m\u00e8dic?<\/p>\n<p>Tot va comen\u00e7ar l&#8217;any 2012, quan em vaig incorporar d&#8217;investigadora postdoctoral a l&#8217;equip del doctor Xavier Aldeguer, cap de Servei de l&#8217;Aparell Digestiu de l&#8217;hospital Dr. Josep Trueta de Girona. Tamb\u00e9 hi col\u00b7laborava el catedr\u00e0tic de microbiologia de la\u00a0<a title=\"Universitat de Girona\" href=\"https:\/\/www.diaridegirona.cat\/tags\/universitat-de-girona.html\">Universitat de Girona<\/a>\u00a0(UdG), el professor Jes\u00fas Garc\u00eda-Gil. Aquest grup de recerca es dedicava a l&#8217;estudi de la microbiota intestinal i les malalties digestives. En aquell moment, l&#8217;equip llegia una tesi en qu\u00e8 descrivien uns marcadors bacterians a la mucosa intestinal de pacients de c\u00e0ncer colorectal. Els resultats eren fant\u00e0stics! Per seguir investigant en aquesta l\u00ednia, per\u00f2, es necessitava finan\u00e7ament, i era l&#8217;any 2012&#8230;<\/p>\n<p>Unes \u00e8poques complicades, despr\u00e9s de la crisi del 2010, no?<\/p>\n<p>S\u00ed. Per al finan\u00e7ament p\u00fablic, la situaci\u00f3 era compromesa.<\/p>\n<p>Quina alternativa va trobar?<\/p>\n<p>Vaig aplicar els coneixements del curs d&#8217;emprenedoria. Per continuar amb l&#8217;estudi, vam buscar finan\u00e7ament privat i p\u00fablic. A m\u00e9s, vam apostar per sortir del m\u00e9s habitual i, per tant, ja no valia prometre que publicar\u00edem tants articles en revistes cient\u00edfiques d&#8217;alt impacte. Hav\u00edem de demostrar que \u00e9rem capa\u00e7os de desenvolupar un producte rendible i \u00fatil per a la societat. Els bacteris que hav\u00edem trobat a la mucosa intestinal els vam buscar despr\u00e9s en femta. Aix\u00f2 ens va servir per desenvolupar el RAID-CRC, un kit que serveix per detectar el desequilibri t\u00edpic dels bacteris que produeixen c\u00e0ncer colorectal. Aquest producte \u00e9s la ra\u00f3 de ser de Goodgut.<\/p>\n<p>Va ser despr\u00e9s de RAID-CRC que va n\u00e9ixer l&#8217;empresa?<\/p>\n<p>Amb el seu disseny, ens vam adonar que no nom\u00e9s ten\u00edem un producte, sin\u00f3 un projecte empresarial complet que en podia generar altres. I \u00e9s aix\u00ed com el 2014 fundem Goodgut. Jo soc la directora general, i els cofundadors s\u00f3n Xavier Aldeguer, Jes\u00fas Garc\u00eda-Gil i Jaume Amat. Avui hi treballem deu persones, hem captat dos milions d&#8217;euros entre finan\u00e7ament p\u00fablic i privat, i ens definim com una empresa biotecnol\u00f2gica de desenvolupament i comercialitzaci\u00f3 de sistemes no invasius de suport al diagn\u00f2stic i tractament de malalties digestives. La recerca la fem a l&#8217;Institut d&#8217;Investigaci\u00f3 Biom\u00e8dica de Girona (<a title=\"IDIBGi\" href=\"https:\/\/www.diaridegirona.cat\/tags\/idibgi.html\">IDIBGi<\/a>) i la UdG. Actualment ens centrem amb les malalties digestives: c\u00e0ncer colorectal, c\u00f2lon irritable i malaltia inflamat\u00f2ria intestinal.<\/p>\n<p>Aix\u00ed, a part del kit per a la detecci\u00f3 del c\u00e0ncer de c\u00f2lon que han premiat, teniu m\u00e9s productes?<\/p>\n<p>S\u00ed. El desplegament que ten\u00edem ens ho permetia. Ara tenim tres productes de diagn\u00f2stic, dos dels quals ja estan preparats per sortir al mercat. I un prebi\u00f2tic, que est\u00e0 en desenvolupament. El primer producte sortir\u00e0 durant aquest mes de gener.<\/p>\n<p>Quin \u00e9s el vostre mercat?<\/p>\n<p>Comen\u00e7arem per Espanya i despr\u00e9s anirem a Europa. M\u00e9s tard registrarem el producte als Estats Units i farem el salt al m\u00f3n.<\/p>\n<p>Des del 2014 investigant, i a inicis d&#8217;aquest 2019 sortir\u00e0 el primer producte. Se&#8217;n sent orgullosa?<\/p>\n<p>S\u00ed. Al darrere hi ha molta feina. \u00c9s molt bonic veure com el benefici de la recerca no queda en articles, sin\u00f3 que arriba a la societat. Canviar la bata per l&#8217;americana em va fer ser conscient de la part aplicada de la investigaci\u00f3.<\/p>\n<\/div>\n<p><span style=\"color: #3366ff;\"><strong><em>https:\/\/www.diaridegirona.cat\/comarques\/2019\/01\/10\/bonic-veure-que-recerca-no\/955781.html<\/em><\/strong><\/span><\/p>\n<p>&nbsp;<\/p>","protected":false},"excerpt":{"rendered":"<p>Aida Vilar (Empord\u00e0.Info)\u00a0 Mariona Serra, que va n\u00e9ixer a Figueres el 1984, \u00e9s una emprenedora bolcada en el m\u00f3n de la investigaci\u00f3. Es va llicenciar en veterin\u00e0ria i va cursar un m\u00e0ster d&#8217;immunologia. Despr\u00e9s va fer un doctorat en farmacologia, entre la Universitat Aut\u00f2noma de Barcelona i el National Institute of Health dels Estats Units, [&hellip;]<\/p>\n","protected":false},"author":4,"featured_media":0,"comment_status":"closed","ping_status":"closed","sticky":false,"template":"","format":"standard","meta":[],"categories":[5],"tags":[],"acf":[],"_links":{"self":[{"href":"https:\/\/cimti.cat\/ca\/wp-json\/wp\/v2\/posts\/1878"}],"collection":[{"href":"https:\/\/cimti.cat\/ca\/wp-json\/wp\/v2\/posts"}],"about":[{"href":"https:\/\/cimti.cat\/ca\/wp-json\/wp\/v2\/types\/post"}],"author":[{"embeddable":true,"href":"https:\/\/cimti.cat\/ca\/wp-json\/wp\/v2\/users\/4"}],"replies":[{"embeddable":true,"href":"https:\/\/cimti.cat\/ca\/wp-json\/wp\/v2\/comments?post=1878"}],"version-history":[{"count":1,"href":"https:\/\/cimti.cat\/ca\/wp-json\/wp\/v2\/posts\/1878\/revisions"}],"predecessor-version":[{"id":5788,"href":"https:\/\/cimti.cat\/ca\/wp-json\/wp\/v2\/posts\/1878\/revisions\/5788"}],"wp:attachment":[{"href":"https:\/\/cimti.cat\/ca\/wp-json\/wp\/v2\/media?parent=1878"}],"wp:term":[{"taxonomy":"category","embeddable":true,"href":"https:\/\/cimti.cat\/ca\/wp-json\/wp\/v2\/categories?post=1878"},{"taxonomy":"post_tag","embeddable":true,"href":"https:\/\/cimti.cat\/ca\/wp-json\/wp\/v2\/tags?post=1878"}],"curies":[{"name":"wp","href":"https:\/\/api.w.org\/{rel}","templated":true}]}}