
{"id":1487,"date":"2018-05-08T11:43:41","date_gmt":"2018-05-08T11:43:41","guid":{"rendered":"http:\/\/cimti.cat\/ca\/?p=1487"},"modified":"2023-05-29T12:14:07","modified_gmt":"2023-05-29T12:14:07","slug":"10-hospitals-sumen-forces-amb-el-cimti-per-impulsar-la-innovacio-medica-a-catalunya","status":"publish","type":"post","link":"https:\/\/cimti.cat\/ca\/10-hospitals-sumen-forces-amb-el-cimti-per-impulsar-la-innovacio-medica-a-catalunya\/","title":{"rendered":"10 Hospitals sumen forces amb el CIMTI per impulsar la innovaci\u00f3 m\u00e8dica a Catalunya"},"content":{"rendered":"<p>Els principals hospitals de la demarcaci\u00f3 de Barcelona i els seus respectius centres de recerca, des d\u2019avui passen a incrementar la llista d\u2019institucions i entitats col\u00b7laboradores del CIMTI, el Centre per a la Integraci\u00f3 de la Medicina i les Tecnologies Innovadores.<\/p>\n<p>La col\u00b7laboraci\u00f3 amb els hospitals s\u2019ha formalitzat mitjan\u00e7ant la <strong>signatura d\u2019un conveni<\/strong> amb cada un d\u2019ells que t\u00e9 com a finalitat canalitzar a trav\u00e9s del CIMTI aquells projectes d\u2019innovaci\u00f3 que els hospitals desenvolupin en l\u2019\u00e0mbit de la salut. D\u2019aquesta manera el Centre podr\u00e0 captar, promoure i avaluar aquells projectes que responguin a les necessitats detectades dins del Pla de Salut 2016-2020. El conveni tamb\u00e9 recull que el CIMTI facilitar\u00e0 l\u2019acceleraci\u00f3, inversi\u00f3 i el\u00a0 creixement dels projectes seleccionats.<\/p>\n<p>Aquests projectes formaran part del <strong>Programa Impacte. <\/strong>Els promotors dels projectes podran gaudir de diversos avantatges com l\u2019acc\u00e9s a una xarxa d\u2019experts en tecnologia del projecte a desenvolupar, ja siqui del sistema catal\u00e0 o del CIMIT de Boston. L\u2019acc\u00e9s a serveis de transfer\u00e8ncia tecnol\u00f2gica prestats per entitats especialitzades i cerca de finan\u00e7ament per accedir a aquests serveis. Aix\u00ed mateix el CIMTI oferir\u00e0 formaci\u00f3 i mentoritzaci\u00f3 mitjan\u00e7ant la implementaci\u00f3 de les metodologies del centre CIMIT de Boston aix\u00ed com cerca de finan\u00e7ament per accelerar l\u2019arribada al mercat del projecte desenvolupat.<\/p>\n<p>L\u2019acte d\u2019adhesi\u00f3 ha estat presidit per David Elvira, director del Servei Catal\u00e0 de Salut i han intervingut el Doctor\u00a0 Manel Balcells, director del CIMTI i comissionat de salut de Leitat i la Doctora Montserrat Figuerola, gerent de l\u2019Hospital Universitari de Bellvitge.<\/p>\n<p><img decoding=\"async\" loading=\"lazy\" class=\"\" src=\"http:\/\/cimti.cat\/wp-content\/uploads\/2018\/05\/FotoActe.jpg\" width=\"1193\" height=\"795\" \/><\/p>\n<p>Per David Elvira l\u2019acte d\u2019avui posa de\u00a0manifest que el CIMTI <strong><em>\u201cest\u00e0 teixint complicitats\u00a0 dins i fora de l\u2019ecosistema sanitari catal\u00e0\u201d<\/em><\/strong> amb la finalitat de <strong><em>\u201cmillorar la innovaci\u00f3 a casa nostra\u201d.<\/em><\/strong> Segons ell<strong><em>, \u201cla innovaci\u00f3 \u00e9s una necessitat per a la superviv\u00e8ncia del nostre sistema i un element de sostenibilitat\u201d<\/em><\/strong> a l\u2019hora que complementa la recerca que s\u2019est\u00e0 fent. <strong><em>\u201cEls hospitals s\u00f3n el term\u00f2metre per con\u00e8ixer les necessitats\u201d<\/em><\/strong> del sistema catal\u00e0 i per aix\u00f2, la seva adhesi\u00f3 al CIMTI permetr\u00e0 <strong><em>\u201cconsolidar un instrument que necessitem\u201d<\/em><\/strong>.<\/p>\n<p>Per la seva part, el Doctor Manel Balcells ha fet \u00e8mfasi en la imatge que avui s\u2019ha visualitzat. Amb l\u2019adhesi\u00f3 d\u2019aquests <strong><em>\u201c10 hospitals es visibilitza que el CIMTI ja no \u00e9s un projecte, \u00e9s una realitat\u201d<\/em><\/strong>. <strong>\u201cEl conjunt del sistema genera molta recerca\u201d<\/strong> a Catalunya, ha afirmat. <strong>\u201cHem recollit la seva inquietud i la seva voluntat per tal que la innovaci\u00f3 surti del mateix sistema\u201d.<\/strong><\/p>\n<p>L\u2019acte ha comptat amb la participaci\u00f3 dels representant de els institucions hospital\u00e0ries que inicien el seu cam\u00ed amb el Centre. La voluntat del CIMTI \u00e9s sumar a aquesta llista tots els hospitals de Catalunya aix\u00ed com altres centres p\u00fablics i privats on es desenvolupi recerca m\u00e8dica. En nom de tots els centres ha intervingut la Doctora Montserrat Figuerola. La seva intervenci\u00f3 ha perm\u00e8s posar de manifest la bona acceptaci\u00f3 per part dels centres hospitalaris de la creaci\u00f3 del CIMTI. <strong><em>\u201cLa tasca del CIMTI \u00e9s coherent amb la innovaci\u00f3 que surt dels nostres professionals i ens ajuda a establir contactes amb panells d\u2019altres professions i aixecar recursos\u201d <\/em><\/strong>ha reblat Figuerola.<\/p>\n<p>Els hospitals i centres de recerca que s\u2019han unit a aquest projecte pioner que posa en valor la innovaci\u00f3 del sistema sanitari catal\u00e0 s\u00f3n<strong>: l\u2019Hospital de Bellvitge, Institut d\u2019Investigaci\u00f3 Biom\u00e8dica de Bellvitge,\u00a0 l\u2019Hospital Parc Taul\u00ed, Institut d\u2019Investigaci\u00f3 i Innovaci\u00f3 Parc Taul\u00ed, l\u2019Hospital Cl\u00ednic, Institut d\u2019Investigacions Biom\u00e8diques August Pi i Sunyer, Consorci Sanitari de Terrassa, Fundaci\u00f3 Joan Costa Roma, l\u2019Hospital Germans Trias i Pujol, Germans Trias i Pujol Research Institute, la Fundaci\u00f3 Institut de Recerca de l&#8217;Hospital de la Santa Creu i Sant Pau ! (FIRHSCSP), Hospital General de Granollers, l\u2019Hospital Sant Joan de D\u00e9u, Sant Joan de D\u00e9u Research Foundation, l\u2019Hospital Vall d&#8217;Hebron, Institut de Recerca VH, l\u2019Hospital del Mar i Institut Hospital del Mar d\u2019Investigacions M\u00e8diques.<\/strong><\/p>\n<p><img decoding=\"async\" loading=\"lazy\" class=\"alignnone wp-image-1488\" src=\"http:\/\/cimti.cat\/wp-content\/uploads\/2018\/05\/FotoFamilia1-300x200.jpg\" alt=\"\" width=\"466\" height=\"310\" srcset=\"https:\/\/cimti.cat\/wp-content\/uploads\/2018\/05\/FotoFamilia1-300x200.jpg 300w, https:\/\/cimti.cat\/wp-content\/uploads\/2018\/05\/FotoFamilia1-768x512.jpg 768w, https:\/\/cimti.cat\/wp-content\/uploads\/2018\/05\/FotoFamilia1-1024x683.jpg 1024w\" sizes=\"(max-width: 466px) 100vw, 466px\" \/><\/p>\n<p><strong><u>Segona crida per a captar projectes <\/u><\/strong><\/p>\n<p>El Dr. Manel Balcells ha aprofitat l\u2019esdeveniment per anunciar que el CIMTI obre una segona crida per tal de dur a terme la <strong>captaci\u00f3 de nous projectes innovadors<\/strong>. A difer\u00e8ncia de les crides fetes anteriorment, aquesta tindr\u00e0 car\u00e0cter permanent, es podran presentar projectes durant tot l\u2019any. D\u2019aquesta manera, el CIMTI vol accelerar la capacitat innovadora del teixit socio sanitari catal\u00e0 i fomentar-ne la seva projecci\u00f3 internacional. <strong><em>\u201cGenerar una convocat\u00f2ria oberta ens permetr\u00e0 entrar cada 3 mesos projectes nous. Cap projecte important pot quedat al marge\u201d<\/em><\/strong> ha afirmat Balcells.<\/p>\n<p>Es podran presentar a ella tots aquells projectes que responguin a les l\u00ednies d\u2019actuaci\u00f3 estrat\u00e8gica del Pla de Salut del Departament de Salut de la Generalitat de Catalunya. El CIMTI, mitjan\u00e7ant la seva xarxa de col\u00b7laboradors, posar\u00e0 a disposici\u00f3 dels investigadors que hagin presentat les expressions d\u2019inter\u00e8s impuls i suport tecnol\u00f2gic i administratiu, atracci\u00f3 d\u2019inversions pel seu finan\u00e7ament i formaci\u00f3 i mentoratge. Balcells ha explicat tamb\u00e9 que, properament, es far\u00e0 una nova crida que respongui a un repte determinat pel Departament de Salut. Aquesta crida ser\u00e0 acotada en el temps.<\/p>\n<p><strong><u>Qu\u00e8 \u00e9s el CIMTI<\/u><\/strong><\/p>\n<p>El Centre per a la Integraci\u00f3 de la Medicina i les Tecnologies Innovadores a Catalunya (CIMTI.cat) <strong>persegueix la generaci\u00f3 de noves solucions d\u2019alt impacte social en l\u2019\u00e0mbit dels dispositius medico-tecnol\u00f2gics<\/strong> a partir d\u2019iniciatives disruptives d\u2019abast internacional. L\u2019objectiu del CIMTI \u00e9s millorar el posicionament de Catalunya en termes d\u2019innovaci\u00f3 i equiparar-lo a la recerca.<\/p>\n<p>El CIMTI fou creat per la Fundaci\u00f3 LEITAT, amb el suport del Departament de Salut de la Generalitat de Catalunya, l&#8217;Ag\u00e8ncia de Qualitat i Avaluaci\u00f3 Sanit\u00e0ries de Catalunya (AQuAS) i amb la col\u00b7laboraci\u00f3 del CIMIT de Boston.<\/p>\n<p><strong><u>Projectes <\/u><\/strong><\/p>\n<p>Actualment el CIMTI ha seleccionat i est\u00e0 impulsant un total de 9 projectes:<\/p>\n<ul>\n<li><strong>RAID-CRC<\/strong> (Avaluaci\u00f3 del risc de c\u00e0ncer colorectal) \u00e9s un nou m\u00e8tode diagn\u00f2stic de c\u00e0ncer colorectal no invasiu que permetr\u00e0 evitar colonosc\u00f2pies innecess\u00e0ries.<\/li>\n<li><strong>BC Link<\/strong> \u00e9s una plataforma que permet centralitzar i integrar a la Hist\u00f2ria Cl\u00ednica Electr\u00f2nica totes les dades que es generar dels diferents instruments que monitoritzen un pacient durant la seva estada hospital\u00e0ria.<\/li>\n<li><strong>T-control<\/strong> \u00e9s un projecte que ha desenvolupat una sonda urin\u00e0ria que inclou una v\u00e0lvula amb l\u2019objectiu d\u2019augmentar el confort del pacient, millorar la pr\u00e0ctica cl\u00ednica i reduir el n\u00famero d\u2019infeccions.<\/li>\n<li><strong>Tech4Freedom <\/strong>ha desenvolupat un aparell d\u2019assist\u00e8ncia adre\u00e7at a persones amb ceguesa que incorpora en un \u00fanic dispositiu diferents sensors en l\u2019\u00e0mbit tant de la vida di\u00e0ria com de la salut.<\/li>\n<li><strong>Biomarkers Sweat<\/strong> \u00e9s un projecte en el qual es desenvolupen biosensors integrats en un dispositiu portable, capa\u00e7os de detectar i mesurar biomarcadors espec\u00edfics, de forma no invasiva, a trav\u00e9s de la suor.<\/li>\n<li><strong>Sepsis Loop Dx<\/strong> \u00e9s un projecte ha desenvolupat una eina de diagn\u00f2stic capa\u00e7 de determinar quin \u00e9s el patogen causant de la s\u00e8psia a trav\u00e9s de la resposta immunit\u00e0ria espec\u00edfica del pacient a aquest patogen.<\/li>\n<li><strong>Rememory<\/strong> \u00e9s un projecte que ha desenvolupat un programa d\u2019entrenament cognitiu per pacients amb deteriorament cognitiu lleu que tenen un alt risc de patir una dem\u00e8ncia, majorit\u00e0riament per malaltia d\u2019Alzheimer.<\/li>\n<li><strong>Moirai Biodesign<\/strong> ha desenvolupat un kit de diagn\u00f2stic r\u00e0pid per la detecci\u00f3 de Leuc\u00e8mia Amiloide Aguda on una detecci\u00f3 i tractament preco\u00e7 \u00e9s fonamental pel pacient.<\/li>\n<li><strong>MJN-SERAS<\/strong> \u00e9s un dispositiu no-invasiu capa\u00e7 d\u2019avaluar el risc de patir una crisi d\u2019epil\u00e8psia i llan\u00e7ar una senyal d\u2019av\u00eds de 1 minut abans que es produeixin.<\/li>\n<\/ul>\n","protected":false},"excerpt":{"rendered":"<p>Els principals hospitals de la demarcaci\u00f3 de Barcelona i els seus respectius centres de recerca, des d\u2019avui passen a incrementar la llista d\u2019institucions i entitats col\u00b7laboradores del CIMTI, el Centre per a la Integraci\u00f3 de la Medicina i les Tecnologies Innovadores. La col\u00b7laboraci\u00f3 amb els hospitals s\u2019ha formalitzat mitjan\u00e7ant la signatura d\u2019un conveni amb cada [&hellip;]<\/p>\n","protected":false},"author":4,"featured_media":0,"comment_status":"closed","ping_status":"closed","sticky":false,"template":"","format":"standard","meta":[],"categories":[4],"tags":[],"acf":[],"_links":{"self":[{"href":"https:\/\/cimti.cat\/ca\/wp-json\/wp\/v2\/posts\/1487"}],"collection":[{"href":"https:\/\/cimti.cat\/ca\/wp-json\/wp\/v2\/posts"}],"about":[{"href":"https:\/\/cimti.cat\/ca\/wp-json\/wp\/v2\/types\/post"}],"author":[{"embeddable":true,"href":"https:\/\/cimti.cat\/ca\/wp-json\/wp\/v2\/users\/4"}],"replies":[{"embeddable":true,"href":"https:\/\/cimti.cat\/ca\/wp-json\/wp\/v2\/comments?post=1487"}],"version-history":[{"count":1,"href":"https:\/\/cimti.cat\/ca\/wp-json\/wp\/v2\/posts\/1487\/revisions"}],"predecessor-version":[{"id":5798,"href":"https:\/\/cimti.cat\/ca\/wp-json\/wp\/v2\/posts\/1487\/revisions\/5798"}],"wp:attachment":[{"href":"https:\/\/cimti.cat\/ca\/wp-json\/wp\/v2\/media?parent=1487"}],"wp:term":[{"taxonomy":"category","embeddable":true,"href":"https:\/\/cimti.cat\/ca\/wp-json\/wp\/v2\/categories?post=1487"},{"taxonomy":"post_tag","embeddable":true,"href":"https:\/\/cimti.cat\/ca\/wp-json\/wp\/v2\/tags?post=1487"}],"curies":[{"name":"wp","href":"https:\/\/api.w.org\/{rel}","templated":true}]}}